{"id":8561,"date":"2021-02-01T00:29:00","date_gmt":"2021-01-31T23:29:00","guid":{"rendered":"http:\/\/www.dynamoberlin2002.de\/bfcfotos\/wordpress\/?p=8561"},"modified":"2021-02-01T00:29:10","modified_gmt":"2021-01-31T23:29:10","slug":"spaete-einsicht","status":"publish","type":"post","link":"http:\/\/www.dynamoberlin2002.de\/bfcfotos\/wordpress\/archives\/8561","title":{"rendered":"Sp\u00c3\u00a4te Einsicht"},"content":{"rendered":"<p>Alter Traum, neu getr\u00c3\u00a4umt:<\/p>\n<p>Wieder fremdbestimmt durch den Wald gejagt,<\/p>\n<p>h\u00c3\u00b6re die Hunde bellen,<\/p>\n<p>warte auf den Schu\u00c3\u0178 und bin prall entschlossen,<\/p>\n<p>lecke die frischen Wunden nicht,<\/p>\n<p>wer braucht schon eine Zukunft voller Narben.<\/p>\n<p>Die d\u00c3\u00bcrftige Theorie,<\/p>\n<p>die Demokratie sei irgendein Ausweg,<\/p>\n<p>rettet keinesfalls irgendwas,<\/p>\n<p>nicht einmal die blasse Hoffnung.<\/p>\n<p>Lachsalven ersch\u00c3\u00bcttern die kranke Welt.<\/p>\n<p>Faschisten marschieren wieder \u00c3\u00bcberall,<\/p>\n<p>unmaskiert.<\/p>\n<p>Widerstand ist n\u00c3\u00b6tigste Alltagspflicht,<\/p>\n<p>aber deutlich sp\u00c3\u00bcre ich,<\/p>\n<p>die letzte Kraft schwinden.<\/p>\n<p>Der letzte Tee war zu bitter.<\/p>\n<p>Vertrauen war wieder ein Fehler.<\/p>\n","protected":false},"excerpt":{"rendered":"<p>Alter Traum, neu getr\u00c3\u00a4umt: Wieder fremdbestimmt durch den Wald gejagt, h\u00c3\u00b6re die Hunde bellen, warte auf den Schu\u00c3\u0178 und bin prall entschlossen, lecke die frischen Wunden nicht, wer braucht schon eine Zukunft voller Narben. Die d\u00c3\u00bcrftige Theorie, die Demokratie sei &hellip; <a href=\"http:\/\/www.dynamoberlin2002.de\/bfcfotos\/wordpress\/archives\/8561\">Weiterlesen <span class=\"meta-nav\">&rarr;<\/span><\/a><\/p>\n","protected":false},"author":1,"featured_media":0,"comment_status":"open","ping_status":"open","sticky":false,"template":"","format":"standard","meta":{"footnotes":""},"categories":[7],"tags":[],"aioseo_notices":[],"_links":{"self":[{"href":"http:\/\/www.dynamoberlin2002.de\/bfcfotos\/wordpress\/wp-json\/wp\/v2\/posts\/8561"}],"collection":[{"href":"http:\/\/www.dynamoberlin2002.de\/bfcfotos\/wordpress\/wp-json\/wp\/v2\/posts"}],"about":[{"href":"http:\/\/www.dynamoberlin2002.de\/bfcfotos\/wordpress\/wp-json\/wp\/v2\/types\/post"}],"author":[{"embeddable":true,"href":"http:\/\/www.dynamoberlin2002.de\/bfcfotos\/wordpress\/wp-json\/wp\/v2\/users\/1"}],"replies":[{"embeddable":true,"href":"http:\/\/www.dynamoberlin2002.de\/bfcfotos\/wordpress\/wp-json\/wp\/v2\/comments?post=8561"}],"version-history":[{"count":2,"href":"http:\/\/www.dynamoberlin2002.de\/bfcfotos\/wordpress\/wp-json\/wp\/v2\/posts\/8561\/revisions"}],"predecessor-version":[{"id":8563,"href":"http:\/\/www.dynamoberlin2002.de\/bfcfotos\/wordpress\/wp-json\/wp\/v2\/posts\/8561\/revisions\/8563"}],"wp:attachment":[{"href":"http:\/\/www.dynamoberlin2002.de\/bfcfotos\/wordpress\/wp-json\/wp\/v2\/media?parent=8561"}],"wp:term":[{"taxonomy":"category","embeddable":true,"href":"http:\/\/www.dynamoberlin2002.de\/bfcfotos\/wordpress\/wp-json\/wp\/v2\/categories?post=8561"},{"taxonomy":"post_tag","embeddable":true,"href":"http:\/\/www.dynamoberlin2002.de\/bfcfotos\/wordpress\/wp-json\/wp\/v2\/tags?post=8561"}],"curies":[{"name":"wp","href":"https:\/\/api.w.org\/{rel}","templated":true}]}}