{"id":8307,"date":"2020-09-30T23:46:17","date_gmt":"2020-09-30T21:46:17","guid":{"rendered":"http:\/\/www.dynamoberlin2002.de\/bfcfotos\/wordpress\/?p=8307"},"modified":"2020-09-30T23:47:22","modified_gmt":"2020-09-30T21:47:22","slug":"bauvorhaben","status":"publish","type":"post","link":"http:\/\/www.dynamoberlin2002.de\/bfcfotos\/wordpress\/archives\/8307","title":{"rendered":"Bauvorhaben"},"content":{"rendered":"<p>Sich nicht geirrt zu haben, ist meist schlimmer,<\/p>\n<p>als recht zu haben.<\/p>\n<p>Mehrheiten sind nicht zeitlos,<\/p>\n<p>Verfallsdaten kalkulierbar.<\/p>\n<p>Sorgenvoll scheint der Mond in Fenster<\/p>\n<p>und schreibt Lichtfetzen aufs Parkett.<\/p>\n<p>Demokratie.<\/p>\n<p>Es wird zeitgem\u00c3\u00a4\u00c3\u0178 dunkel.<\/p>\n<p>Die Sonne ist l\u00c3\u00a4ngst ausgewandert.<\/p>\n<p>Anpassung ist keine Alternative.<\/p>\n","protected":false},"excerpt":{"rendered":"<p>Sich nicht geirrt zu haben, ist meist schlimmer, als recht zu haben. Mehrheiten sind nicht zeitlos, Verfallsdaten kalkulierbar. Sorgenvoll scheint der Mond in Fenster und schreibt Lichtfetzen aufs Parkett. Demokratie. Es wird zeitgem\u00c3\u00a4\u00c3\u0178 dunkel. Die Sonne ist l\u00c3\u00a4ngst ausgewandert. Anpassung &hellip; <a href=\"http:\/\/www.dynamoberlin2002.de\/bfcfotos\/wordpress\/archives\/8307\">Weiterlesen <span class=\"meta-nav\">&rarr;<\/span><\/a><\/p>\n","protected":false},"author":1,"featured_media":0,"comment_status":"open","ping_status":"open","sticky":false,"template":"","format":"standard","meta":{"footnotes":""},"categories":[6],"tags":[],"aioseo_notices":[],"_links":{"self":[{"href":"http:\/\/www.dynamoberlin2002.de\/bfcfotos\/wordpress\/wp-json\/wp\/v2\/posts\/8307"}],"collection":[{"href":"http:\/\/www.dynamoberlin2002.de\/bfcfotos\/wordpress\/wp-json\/wp\/v2\/posts"}],"about":[{"href":"http:\/\/www.dynamoberlin2002.de\/bfcfotos\/wordpress\/wp-json\/wp\/v2\/types\/post"}],"author":[{"embeddable":true,"href":"http:\/\/www.dynamoberlin2002.de\/bfcfotos\/wordpress\/wp-json\/wp\/v2\/users\/1"}],"replies":[{"embeddable":true,"href":"http:\/\/www.dynamoberlin2002.de\/bfcfotos\/wordpress\/wp-json\/wp\/v2\/comments?post=8307"}],"version-history":[{"count":2,"href":"http:\/\/www.dynamoberlin2002.de\/bfcfotos\/wordpress\/wp-json\/wp\/v2\/posts\/8307\/revisions"}],"predecessor-version":[{"id":8309,"href":"http:\/\/www.dynamoberlin2002.de\/bfcfotos\/wordpress\/wp-json\/wp\/v2\/posts\/8307\/revisions\/8309"}],"wp:attachment":[{"href":"http:\/\/www.dynamoberlin2002.de\/bfcfotos\/wordpress\/wp-json\/wp\/v2\/media?parent=8307"}],"wp:term":[{"taxonomy":"category","embeddable":true,"href":"http:\/\/www.dynamoberlin2002.de\/bfcfotos\/wordpress\/wp-json\/wp\/v2\/categories?post=8307"},{"taxonomy":"post_tag","embeddable":true,"href":"http:\/\/www.dynamoberlin2002.de\/bfcfotos\/wordpress\/wp-json\/wp\/v2\/tags?post=8307"}],"curies":[{"name":"wp","href":"https:\/\/api.w.org\/{rel}","templated":true}]}}