{"id":772,"date":"2008-07-27T23:47:04","date_gmt":"2008-07-27T21:47:04","guid":{"rendered":"http:\/\/www.dynamoberlin2002.de\/bfcfotos\/wordpress\/archives\/772"},"modified":"2008-07-28T09:38:24","modified_gmt":"2008-07-28T07:38:24","slug":"die-kindergeldluge","status":"publish","type":"post","link":"http:\/\/www.dynamoberlin2002.de\/bfcfotos\/wordpress\/archives\/772","title":{"rendered":"Die Kindergeldl\u00c3\u00bcge"},"content":{"rendered":"<p>Jedes dritte Kind in Berlin ist arm. Lebt in Armut. Das wird sich auch nicht \u00c3\u00a4ndern, wenn Frau Merkel und ihre Genossen &#8211; oder Nichtgenossen &#8211; das Kindergeld erh\u00c3\u00b6hen. Denn die 10 \u00e2\u201a\u00ac mehr f\u00c3\u00bcr das erste Kind\u00c2\u00a0werden ebensowenig bei den armen Kindern ankommen, wie die 50 \u00e2\u201a\u00ac, die es ab dem vierten Kind mehr geben soll. Kinder, deren Eltern ALG 2 bekommen &#8211; auch Hartz 4 genannt &#8211; werden davon nicht profitieren. Denn die 10 \u00e2\u201a\u00ac werden vom\u00c2\u00a0Leistungssatz an anderer Stelle abgezogen.\u00c2\u00a0<\/p>\n<p>Ich erinnere mich an die Wut des (DDR-)Volkes, als Kameras 1989 in Wandlitz filmten und den provinziellen, kleinb\u00c3\u00bcrgerlichen Wohlstand der DDR-Oberen abbildeten. Nichts von dieser Wut, keinerlei Emp\u00c3\u00b6rung sp\u00c3\u00bcre ich jetzt &#8211; angesichts\u00c2\u00a0von Regierenden, die\u00c2\u00a0trotz steigender Armut bei den Kleinsten &#8211; und wehrlosesten B\u00c3\u00bcrgern &#8211; sich erdreisten, dem Volk zu erz\u00c3\u00a4hlen, sie t\u00c3\u00a4ten etwas f\u00c3\u00bcr die J\u00c3\u00bcngsten. Die gr\u00c3\u00b6\u00c3\u0178te L\u00c3\u00bcge\u00c2\u00a0daran ist, dass sie behaupten, sie t\u00c3\u00a4ten es f\u00c3\u00bcr die Kinder und deren Eltern, nein, sie tun es nur f\u00c3\u00bcr sich. Es geht ums Wahlvieh, das notfalls, falls es sich falsch entscheidet, gescholten werden darf &#8211; aber vorerst get\u00c3\u00a4tschelt und mild gestimmt werden soll.\u00c2\u00a0Das deutsche Volk ist nicht emp\u00c3\u00b6rt, nicht w\u00c3\u00bctend, es ist gleichg\u00c3\u00bcltig und wei\u00c3\u0178 eigentlich gar nicht, wie ihm und anderen geschieht.\u00c2\u00a0\u00c2\u00a0<\/p>\n<p>PS.: Nat\u00c3\u00bcrlich w\u00c3\u00bcrden 10 oder 50 \u00e2\u201a\u00ac die Situation der betroffenen Kinder auch nicht grundlegend ver\u00c3\u00a4ndern.<\/p>\n","protected":false},"excerpt":{"rendered":"<p>Jedes dritte Kind in Berlin ist arm. Lebt in Armut. Das wird sich auch nicht \u00c3\u00a4ndern, wenn Frau Merkel und ihre Genossen &#8211; oder Nichtgenossen &#8211; das Kindergeld erh\u00c3\u00b6hen. Denn die 10 \u00e2\u201a\u00ac mehr f\u00c3\u00bcr das erste Kind\u00c2\u00a0werden ebensowenig bei &hellip; <a href=\"http:\/\/www.dynamoberlin2002.de\/bfcfotos\/wordpress\/archives\/772\">Weiterlesen <span class=\"meta-nav\">&rarr;<\/span><\/a><\/p>\n","protected":false},"author":1,"featured_media":0,"comment_status":"open","ping_status":"open","sticky":false,"template":"","format":"standard","meta":{"footnotes":""},"categories":[1],"tags":[],"aioseo_notices":[],"_links":{"self":[{"href":"http:\/\/www.dynamoberlin2002.de\/bfcfotos\/wordpress\/wp-json\/wp\/v2\/posts\/772"}],"collection":[{"href":"http:\/\/www.dynamoberlin2002.de\/bfcfotos\/wordpress\/wp-json\/wp\/v2\/posts"}],"about":[{"href":"http:\/\/www.dynamoberlin2002.de\/bfcfotos\/wordpress\/wp-json\/wp\/v2\/types\/post"}],"author":[{"embeddable":true,"href":"http:\/\/www.dynamoberlin2002.de\/bfcfotos\/wordpress\/wp-json\/wp\/v2\/users\/1"}],"replies":[{"embeddable":true,"href":"http:\/\/www.dynamoberlin2002.de\/bfcfotos\/wordpress\/wp-json\/wp\/v2\/comments?post=772"}],"version-history":[{"count":0,"href":"http:\/\/www.dynamoberlin2002.de\/bfcfotos\/wordpress\/wp-json\/wp\/v2\/posts\/772\/revisions"}],"wp:attachment":[{"href":"http:\/\/www.dynamoberlin2002.de\/bfcfotos\/wordpress\/wp-json\/wp\/v2\/media?parent=772"}],"wp:term":[{"taxonomy":"category","embeddable":true,"href":"http:\/\/www.dynamoberlin2002.de\/bfcfotos\/wordpress\/wp-json\/wp\/v2\/categories?post=772"},{"taxonomy":"post_tag","embeddable":true,"href":"http:\/\/www.dynamoberlin2002.de\/bfcfotos\/wordpress\/wp-json\/wp\/v2\/tags?post=772"}],"curies":[{"name":"wp","href":"https:\/\/api.w.org\/{rel}","templated":true}]}}