{"id":6563,"date":"2018-01-23T00:01:54","date_gmt":"2018-01-22T23:01:54","guid":{"rendered":"http:\/\/www.dynamoberlin2002.de\/bfcfotos\/wordpress\/?p=6563"},"modified":"2018-01-26T09:20:28","modified_gmt":"2018-01-26T08:20:28","slug":"die-kraehenden-haehne-sind-teil-des-problems","status":"publish","type":"post","link":"http:\/\/www.dynamoberlin2002.de\/bfcfotos\/wordpress\/archives\/6563","title":{"rendered":"Die kr\u00c3\u00a4henden H\u00c3\u00a4hne sind Teil des Problems&#8230;"},"content":{"rendered":"<p>Angeregt durch einen Kommentar von <a href=\"http:\/\/miriam-hartz-am-wortort.blogspot.de\/\" target=\"_blank\" rel=\"noopener\">Miriam <\/a> zu meinem <a href=\"http:\/\/www.dynamoberlin2002.de\/bfcfotos\/wordpress\/archives\/6560\" target=\"_blank\" rel=\"noopener\">Beitrag von gestern<\/a> &#8211; sie fragte &#8222;Wie kriegen wir das Problem mit den kr\u00c3\u00a4henden H\u00c3\u00a4hnen gel\u00c3\u00b6st?&#8220; habe ich dar\u00c3\u00bcber nachgedacht.<\/p>\n<p>Leider sind die kr\u00c3\u00a4henden H\u00c3\u00a4hne nicht nur Verleugner der Probleme, sie sind auch ein Teil unserer Probleme. Denn Probleme, die nicht da sind, muss man ja auch nicht l\u00c3\u00b6sen.<\/p>\n<p>Mir ist nicht wirklich etwas eingefallen, au\u00c3\u0178er der verwegenen Idee, sie vom Misthaufen runterzusto\u00c3\u0178en. Sie zu <a href=\"http:\/\/transinformation.net\/sich-erden\/\" target=\"_blank\" rel=\"noopener\">&#8222;erden&#8220;<\/a> sozusagen. Das w\u00c3\u00bcrde ihnen einen <strong>\u00c3\u0153berblick<\/strong> verschaffen, den man von oben herab eben nicht hat. Die ge\u00c3\u00a4nderte Perspektive &#8211; mitten unter den H\u00c3\u00bchnern &#8211; k\u00c3\u00b6nnte vielleicht die H\u00c3\u00a4hne ermutigen, mal hinzuh\u00c3\u00b6ren, was so manche H\u00c3\u00bchner gackern und zu verstehen, dass das Eierlegen nicht so einfach ist. Au\u00c3\u0178erdem sind F\u00c3\u00bcchse keine Erfindung und nicht alle so lieb wie der Fuchs des kleinen Prinzen. Manche haben auch einfach nur Hunger. Sie m\u00c3\u00b6gen K\u00c3\u00bcken, aber auch H\u00c3\u00bchner und H\u00c3\u00a4hne. J\u00c3\u00a4ger sind keine Alternative. Z\u00c3\u00a4une auch nicht. K\u00c3\u00b6nnen F\u00c3\u00bcchse als Vegetarier leben? Wollen sie das? Muss man sie zwingen? Fragen \u00c3\u00bcber Fragen, die sich ein kluger Hahn stellen k\u00c3\u00b6nnte. Vorausgesetzt, er nimmt zur Kenntnis, dass F\u00c3\u00bcchse keine Erfindung der \u00c3\u00a4ngstlichen H\u00c3\u00bchner sind.<\/p>\n<p>Kluge H\u00c3\u00a4hne w\u00c3\u00bcrden sich wundern, was so alles m\u00c3\u00b6glich ist. Ich habe mich auch gewundert.&nbsp; Manchmal gibt es Dinge, die klingen wie ein schlechter Witz, sind aber trotzdem wahr: <a href=\"http:\/\/www.tagesspiegel.de\/berlin\/rechtspopulisten-brandenburger-afd-politiker-konvertiert-zum-islam\/20877200.html\" target=\"_blank\" rel=\"noopener\">AFD-Politiker konvertiert zum Islam.<\/a><\/p>\n<p>&nbsp;<\/p>\n","protected":false},"excerpt":{"rendered":"<p>Angeregt durch einen Kommentar von Miriam zu meinem Beitrag von gestern &#8211; sie fragte &#8222;Wie kriegen wir das Problem mit den kr\u00c3\u00a4henden H\u00c3\u00a4hnen gel\u00c3\u00b6st?&#8220; habe ich dar\u00c3\u00bcber nachgedacht. Leider sind die kr\u00c3\u00a4henden H\u00c3\u00a4hne nicht nur Verleugner der Probleme, sie sind &hellip; <a href=\"http:\/\/www.dynamoberlin2002.de\/bfcfotos\/wordpress\/archives\/6563\">Weiterlesen <span class=\"meta-nav\">&rarr;<\/span><\/a><\/p>\n","protected":false},"author":1,"featured_media":0,"comment_status":"open","ping_status":"open","sticky":false,"template":"","format":"standard","meta":{"footnotes":""},"categories":[4,29],"tags":[],"aioseo_notices":[],"_links":{"self":[{"href":"http:\/\/www.dynamoberlin2002.de\/bfcfotos\/wordpress\/wp-json\/wp\/v2\/posts\/6563"}],"collection":[{"href":"http:\/\/www.dynamoberlin2002.de\/bfcfotos\/wordpress\/wp-json\/wp\/v2\/posts"}],"about":[{"href":"http:\/\/www.dynamoberlin2002.de\/bfcfotos\/wordpress\/wp-json\/wp\/v2\/types\/post"}],"author":[{"embeddable":true,"href":"http:\/\/www.dynamoberlin2002.de\/bfcfotos\/wordpress\/wp-json\/wp\/v2\/users\/1"}],"replies":[{"embeddable":true,"href":"http:\/\/www.dynamoberlin2002.de\/bfcfotos\/wordpress\/wp-json\/wp\/v2\/comments?post=6563"}],"version-history":[{"count":5,"href":"http:\/\/www.dynamoberlin2002.de\/bfcfotos\/wordpress\/wp-json\/wp\/v2\/posts\/6563\/revisions"}],"predecessor-version":[{"id":6568,"href":"http:\/\/www.dynamoberlin2002.de\/bfcfotos\/wordpress\/wp-json\/wp\/v2\/posts\/6563\/revisions\/6568"}],"wp:attachment":[{"href":"http:\/\/www.dynamoberlin2002.de\/bfcfotos\/wordpress\/wp-json\/wp\/v2\/media?parent=6563"}],"wp:term":[{"taxonomy":"category","embeddable":true,"href":"http:\/\/www.dynamoberlin2002.de\/bfcfotos\/wordpress\/wp-json\/wp\/v2\/categories?post=6563"},{"taxonomy":"post_tag","embeddable":true,"href":"http:\/\/www.dynamoberlin2002.de\/bfcfotos\/wordpress\/wp-json\/wp\/v2\/tags?post=6563"}],"curies":[{"name":"wp","href":"https:\/\/api.w.org\/{rel}","templated":true}]}}