{"id":655,"date":"2008-03-27T23:59:41","date_gmt":"2008-03-27T22:59:41","guid":{"rendered":"http:\/\/www.dynamoberlin2002.de\/bfcfotos\/wordpress\/archives\/655"},"modified":"2008-03-28T00:09:06","modified_gmt":"2008-03-27T23:09:06","slug":"heise-gruse-aus-einem-fernen-land","status":"publish","type":"post","link":"http:\/\/www.dynamoberlin2002.de\/bfcfotos\/wordpress\/archives\/655","title":{"rendered":"Hei\u00c3\u0178e Gr\u00c3\u00bc\u00c3\u0178e aus einem fernen Land"},"content":{"rendered":"<p>Eine Freundin schickte mir hei\u00c3\u0178e Gr\u00c3\u00bc\u00c3\u0178e aus einem fernen Land. Es tat gut, von ihr zu h\u00c3\u00b6ren und was zu h\u00c3\u00b6ren war, tat auch gut.<\/p>\n<p>Aber ich habe ihr noch nicht geantwortet.<\/p>\n<p>Die gemeinen Allt\u00c3\u00a4glichkeiten<\/p>\n<p>haben meine Zeit gefressen.<\/p>\n<p>Und als sie endlich satt waren<\/p>\n<p>und Zeit gewesen w\u00c3\u00a4re,<\/p>\n<p>da war ich &#8211;<\/p>\n<p>und das ist anders gemein &#8211;<\/p>\n<p>zu m\u00c3\u00bcde.<\/p>\n","protected":false},"excerpt":{"rendered":"<p>Eine Freundin schickte mir hei\u00c3\u0178e Gr\u00c3\u00bc\u00c3\u0178e aus einem fernen Land. Es tat gut, von ihr zu h\u00c3\u00b6ren und was zu h\u00c3\u00b6ren war, tat auch gut. Aber ich habe ihr noch nicht geantwortet. Die gemeinen Allt\u00c3\u00a4glichkeiten haben meine Zeit gefressen. Und &hellip; <a href=\"http:\/\/www.dynamoberlin2002.de\/bfcfotos\/wordpress\/archives\/655\">Weiterlesen <span class=\"meta-nav\">&rarr;<\/span><\/a><\/p>\n","protected":false},"author":1,"featured_media":0,"comment_status":"open","ping_status":"open","sticky":false,"template":"","format":"standard","meta":{"footnotes":""},"categories":[1,5],"tags":[],"aioseo_notices":[],"_links":{"self":[{"href":"http:\/\/www.dynamoberlin2002.de\/bfcfotos\/wordpress\/wp-json\/wp\/v2\/posts\/655"}],"collection":[{"href":"http:\/\/www.dynamoberlin2002.de\/bfcfotos\/wordpress\/wp-json\/wp\/v2\/posts"}],"about":[{"href":"http:\/\/www.dynamoberlin2002.de\/bfcfotos\/wordpress\/wp-json\/wp\/v2\/types\/post"}],"author":[{"embeddable":true,"href":"http:\/\/www.dynamoberlin2002.de\/bfcfotos\/wordpress\/wp-json\/wp\/v2\/users\/1"}],"replies":[{"embeddable":true,"href":"http:\/\/www.dynamoberlin2002.de\/bfcfotos\/wordpress\/wp-json\/wp\/v2\/comments?post=655"}],"version-history":[{"count":0,"href":"http:\/\/www.dynamoberlin2002.de\/bfcfotos\/wordpress\/wp-json\/wp\/v2\/posts\/655\/revisions"}],"wp:attachment":[{"href":"http:\/\/www.dynamoberlin2002.de\/bfcfotos\/wordpress\/wp-json\/wp\/v2\/media?parent=655"}],"wp:term":[{"taxonomy":"category","embeddable":true,"href":"http:\/\/www.dynamoberlin2002.de\/bfcfotos\/wordpress\/wp-json\/wp\/v2\/categories?post=655"},{"taxonomy":"post_tag","embeddable":true,"href":"http:\/\/www.dynamoberlin2002.de\/bfcfotos\/wordpress\/wp-json\/wp\/v2\/tags?post=655"}],"curies":[{"name":"wp","href":"https:\/\/api.w.org\/{rel}","templated":true}]}}