{"id":6146,"date":"2017-10-26T23:59:19","date_gmt":"2017-10-26T21:59:19","guid":{"rendered":"http:\/\/www.dynamoberlin2002.de\/bfcfotos\/wordpress\/?p=6146"},"modified":"2017-10-27T01:06:50","modified_gmt":"2017-10-26T23:06:50","slug":"der-traum-vom-fliegen","status":"publish","type":"post","link":"http:\/\/www.dynamoberlin2002.de\/bfcfotos\/wordpress\/archives\/6146","title":{"rendered":"Der Traum vom Fliegen"},"content":{"rendered":"<div id=\"attachment_6147\" style=\"width: 310px\" class=\"wp-caption aligncenter\"><a href=\"http:\/\/www.dynamoberlin2002.de\/bfcfotos\/wordpress\/wp-content\/uploads\/2017\/10\/hiki-e1509058716294.jpg\" rel=\"lightbox[6146]\"><img loading=\"lazy\" decoding=\"async\" aria-describedby=\"caption-attachment-6147\" class=\"size-medium wp-image-6147\" src=\"http:\/\/www.dynamoberlin2002.de\/bfcfotos\/wordpress\/wp-content\/uploads\/2017\/10\/hiki-300x200.jpg\" alt=\"Air Berlin - Abflug\" width=\"300\" height=\"200\"\/><\/a><p id=\"caption-attachment-6147\" class=\"wp-caption-text\">Air Berlin &#8211; Abflug<\/p><\/div>\n<p>Ausgetr\u00c3\u00a4umt&#8230;<\/p>\n<p>Die Tr\u00c3\u00a4ume der Gro\u00c3\u0178en bezahlen die Kleinen mit schlaflosen N\u00c3\u00a4chten.<\/p>\n","protected":false},"excerpt":{"rendered":"<p>Ausgetr\u00c3\u00a4umt&#8230; Die Tr\u00c3\u00a4ume der Gro\u00c3\u0178en bezahlen die Kleinen mit schlaflosen N\u00c3\u00a4chten.<\/p>\n","protected":false},"author":1,"featured_media":0,"comment_status":"open","ping_status":"open","sticky":false,"template":"","format":"standard","meta":{"footnotes":""},"categories":[7],"tags":[],"aioseo_notices":[],"_links":{"self":[{"href":"http:\/\/www.dynamoberlin2002.de\/bfcfotos\/wordpress\/wp-json\/wp\/v2\/posts\/6146"}],"collection":[{"href":"http:\/\/www.dynamoberlin2002.de\/bfcfotos\/wordpress\/wp-json\/wp\/v2\/posts"}],"about":[{"href":"http:\/\/www.dynamoberlin2002.de\/bfcfotos\/wordpress\/wp-json\/wp\/v2\/types\/post"}],"author":[{"embeddable":true,"href":"http:\/\/www.dynamoberlin2002.de\/bfcfotos\/wordpress\/wp-json\/wp\/v2\/users\/1"}],"replies":[{"embeddable":true,"href":"http:\/\/www.dynamoberlin2002.de\/bfcfotos\/wordpress\/wp-json\/wp\/v2\/comments?post=6146"}],"version-history":[{"count":2,"href":"http:\/\/www.dynamoberlin2002.de\/bfcfotos\/wordpress\/wp-json\/wp\/v2\/posts\/6146\/revisions"}],"predecessor-version":[{"id":6149,"href":"http:\/\/www.dynamoberlin2002.de\/bfcfotos\/wordpress\/wp-json\/wp\/v2\/posts\/6146\/revisions\/6149"}],"wp:attachment":[{"href":"http:\/\/www.dynamoberlin2002.de\/bfcfotos\/wordpress\/wp-json\/wp\/v2\/media?parent=6146"}],"wp:term":[{"taxonomy":"category","embeddable":true,"href":"http:\/\/www.dynamoberlin2002.de\/bfcfotos\/wordpress\/wp-json\/wp\/v2\/categories?post=6146"},{"taxonomy":"post_tag","embeddable":true,"href":"http:\/\/www.dynamoberlin2002.de\/bfcfotos\/wordpress\/wp-json\/wp\/v2\/tags?post=6146"}],"curies":[{"name":"wp","href":"https:\/\/api.w.org\/{rel}","templated":true}]}}