{"id":5028,"date":"2017-04-23T20:54:58","date_gmt":"2017-04-23T18:54:58","guid":{"rendered":"http:\/\/www.dynamoberlin2002.de\/bfcfotos\/wordpress\/?p=5028"},"modified":"2017-04-23T20:54:58","modified_gmt":"2017-04-23T18:54:58","slug":"eiseskaelte-und-doch-ist-mir-warm","status":"publish","type":"post","link":"http:\/\/www.dynamoberlin2002.de\/bfcfotos\/wordpress\/archives\/5028","title":{"rendered":"Eisesk\u00c3\u00a4lte &#8211; und doch ist mir warm"},"content":{"rendered":"<div id=\"attachment_5029\" style=\"width: 310px\" class=\"wp-caption aligncenter\"><a href=\"http:\/\/www.dynamoberlin2002.de\/bfcfotos\/wordpress\/wp-content\/uploads\/2017\/04\/waerme.jpg\" rel=\"lightbox[5028]\"><img loading=\"lazy\" decoding=\"async\" aria-describedby=\"caption-attachment-5029\" class=\"size-medium wp-image-5029\" src=\"http:\/\/www.dynamoberlin2002.de\/bfcfotos\/wordpress\/wp-content\/uploads\/2017\/04\/waerme-300x300.jpg\" alt=\"Blumenstrau\u00c3\u0178\" height=\"300\" width=\"300\" srcset=\"http:\/\/www.dynamoberlin2002.de\/bfcfotos\/wordpress\/wp-content\/uploads\/2017\/04\/waerme-300x300.jpg 300w, http:\/\/www.dynamoberlin2002.de\/bfcfotos\/wordpress\/wp-content\/uploads\/2017\/04\/waerme-150x150.jpg 150w, http:\/\/www.dynamoberlin2002.de\/bfcfotos\/wordpress\/wp-content\/uploads\/2017\/04\/waerme-768x768.jpg 768w, http:\/\/www.dynamoberlin2002.de\/bfcfotos\/wordpress\/wp-content\/uploads\/2017\/04\/waerme-1024x1024.jpg 1024w, http:\/\/www.dynamoberlin2002.de\/bfcfotos\/wordpress\/wp-content\/uploads\/2017\/04\/waerme.jpg 1200w\" sizes=\"(max-width: 300px) 100vw, 300px\" \/><\/a><p id=\"caption-attachment-5029\" class=\"wp-caption-text\">Blumenstrau\u00c3\u0178<\/p><\/div>\n<p>Am Freitag bekam ich einen wundersch\u00c3\u00b6nen Blumenstrau\u00c3\u0178, den ich gern hier &#8222;teile&#8220;. In Wirklichkeit ist er nat\u00c3\u00bcrlich viel sch\u00c3\u00b6ner.<\/p>\n<p>Den Strau\u00c3\u0178 bekam ich von Manfred, aber nicht ich hatte Geburtstag, sondern er. Danke!<\/p>\n","protected":false},"excerpt":{"rendered":"<p>Am Freitag bekam ich einen wundersch\u00c3\u00b6nen Blumenstrau\u00c3\u0178, den ich gern hier &#8222;teile&#8220;. In Wirklichkeit ist er nat\u00c3\u00bcrlich viel sch\u00c3\u00b6ner. Den Strau\u00c3\u0178 bekam ich von Manfred, aber nicht ich hatte Geburtstag, sondern er. Danke!<\/p>\n","protected":false},"author":1,"featured_media":0,"comment_status":"open","ping_status":"open","sticky":false,"template":"","format":"standard","meta":{"footnotes":""},"categories":[44,4],"tags":[],"aioseo_notices":[],"_links":{"self":[{"href":"http:\/\/www.dynamoberlin2002.de\/bfcfotos\/wordpress\/wp-json\/wp\/v2\/posts\/5028"}],"collection":[{"href":"http:\/\/www.dynamoberlin2002.de\/bfcfotos\/wordpress\/wp-json\/wp\/v2\/posts"}],"about":[{"href":"http:\/\/www.dynamoberlin2002.de\/bfcfotos\/wordpress\/wp-json\/wp\/v2\/types\/post"}],"author":[{"embeddable":true,"href":"http:\/\/www.dynamoberlin2002.de\/bfcfotos\/wordpress\/wp-json\/wp\/v2\/users\/1"}],"replies":[{"embeddable":true,"href":"http:\/\/www.dynamoberlin2002.de\/bfcfotos\/wordpress\/wp-json\/wp\/v2\/comments?post=5028"}],"version-history":[{"count":2,"href":"http:\/\/www.dynamoberlin2002.de\/bfcfotos\/wordpress\/wp-json\/wp\/v2\/posts\/5028\/revisions"}],"predecessor-version":[{"id":5031,"href":"http:\/\/www.dynamoberlin2002.de\/bfcfotos\/wordpress\/wp-json\/wp\/v2\/posts\/5028\/revisions\/5031"}],"wp:attachment":[{"href":"http:\/\/www.dynamoberlin2002.de\/bfcfotos\/wordpress\/wp-json\/wp\/v2\/media?parent=5028"}],"wp:term":[{"taxonomy":"category","embeddable":true,"href":"http:\/\/www.dynamoberlin2002.de\/bfcfotos\/wordpress\/wp-json\/wp\/v2\/categories?post=5028"},{"taxonomy":"post_tag","embeddable":true,"href":"http:\/\/www.dynamoberlin2002.de\/bfcfotos\/wordpress\/wp-json\/wp\/v2\/tags?post=5028"}],"curies":[{"name":"wp","href":"https:\/\/api.w.org\/{rel}","templated":true}]}}