{"id":405,"date":"2007-08-28T23:30:30","date_gmt":"2007-08-28T21:30:30","guid":{"rendered":"http:\/\/www.dynamoberlin2002.de\/bfcfotos\/wordpress\/archives\/405"},"modified":"2007-08-29T14:19:47","modified_gmt":"2007-08-29T12:19:47","slug":"wer-ist-pankow","status":"publish","type":"post","link":"http:\/\/www.dynamoberlin2002.de\/bfcfotos\/wordpress\/archives\/405","title":{"rendered":"Wer ist Pankow?"},"content":{"rendered":"<p>Ist Pankow weltoffen und tolerant? Oder ist es fremdenfeindlich und rassistisch?<\/p>\n<p>Beides stimmt.<\/p>\n<p>Zwei Webseiten werben mit der \u00c3\u0153berschrift: &#8222;Wir sind Pankow.&#8220; Da gibt es die Webseite der ipahb,\u00c2\u00a0eines Vereins, der sich zum Ziel gesetzt hat, den Bau einer Moschee der Ahmadyya Gemeinde in Pankow-Heinersdorf zu verhindern. Daf\u00c3\u00bcr organisiert\u00c2\u00a0er Demonstrationen und Unterschriftensammlungen usw.\u00c2\u00a0\u00c2\u00a0Ich verlinke diese Webseite hier nicht. Sie sch\u00c3\u00bcrt \u00c3\u201engste und nutzt Vorurteile aus.<\/p>\n<p>Die andere Webseite ist eine Antwort. &#8222;Wir sind Pankow: tolerant und weltoffen&#8220;\u00c2\u00a0(Pankower Erkl\u00c3\u00a4rung)<\/p>\n<p>Auf dem Fest (100 Jahre B\u00c3\u00bcrgerpark\/ 150 Jahre Markt am Anger, da wurde die Initiative vorgestellt)\u00c2\u00a0hatte ich sie nicht bemerkt, die Pankower Erkl\u00c3\u00a4rung. Ich fand sie w\u00c3\u00a4hrend der Recherche im Internet. Sie\u00c2\u00a0ist eine\u00c2\u00a0notwendige Antwort\u00c2\u00a0auf alle, die \u00c3\u201engste und Vorurteile sch\u00c3\u00bcren und\u00c2\u00a0auch auf den anwachsenden Rechtsextremismus im Bezirk Pankow.<\/p>\n<p>Die Pankower Erkl\u00c3\u00a4rung als PDF: <a onmousedown=\"selectLink(406);\" id=\"p406\" href=\"http:\/\/www.dynamoberlin2002.de\/bfcfotos\/wordpress\/wp-content\/uploads\/2007\/08\/pankowererklaerung.pdf\">Pankower Erkl\u00c3\u00a4rung<\/a><\/p>\n<p>Hier geht es zur Webseite: Wir sind Pankow\u00c2\u00a0&#8211; dort\u00c2\u00a0kann man die Erkl\u00c3\u00a4rung\u00c2\u00a0unterzeichen &#8211; <a title=\"Wir sind Pankow\" href=\"http:\/\/www.wir-sind-pankow.de\/stat\/index.html\" target=\"_blank\">KLICK<\/a><\/p>\n<p><span style=\"font-size: 10pt; font-family: Arial\" \/><span style=\"font-size: 10pt; font-family: Arial\" \/><span style=\"font-size: 10pt; font-family: Arial\" \/><span style=\"font-size: 10pt; font-family: Arial\">\u00c2\u00a0<\/p>\n<p><\/span>\u00c2\u00a0<\/p>\n","protected":false},"excerpt":{"rendered":"<p>Ist Pankow weltoffen und tolerant? Oder ist es fremdenfeindlich und rassistisch? Beides stimmt. Zwei Webseiten werben mit der \u00c3\u0153berschrift: &#8222;Wir sind Pankow.&#8220; Da gibt es die Webseite der ipahb,\u00c2\u00a0eines Vereins, der sich zum Ziel gesetzt hat, den Bau einer Moschee &hellip; <a href=\"http:\/\/www.dynamoberlin2002.de\/bfcfotos\/wordpress\/archives\/405\">Weiterlesen <span class=\"meta-nav\">&rarr;<\/span><\/a><\/p>\n","protected":false},"author":1,"featured_media":0,"comment_status":"open","ping_status":"open","sticky":false,"template":"","format":"standard","meta":{"footnotes":""},"categories":[1,5],"tags":[],"aioseo_notices":[],"_links":{"self":[{"href":"http:\/\/www.dynamoberlin2002.de\/bfcfotos\/wordpress\/wp-json\/wp\/v2\/posts\/405"}],"collection":[{"href":"http:\/\/www.dynamoberlin2002.de\/bfcfotos\/wordpress\/wp-json\/wp\/v2\/posts"}],"about":[{"href":"http:\/\/www.dynamoberlin2002.de\/bfcfotos\/wordpress\/wp-json\/wp\/v2\/types\/post"}],"author":[{"embeddable":true,"href":"http:\/\/www.dynamoberlin2002.de\/bfcfotos\/wordpress\/wp-json\/wp\/v2\/users\/1"}],"replies":[{"embeddable":true,"href":"http:\/\/www.dynamoberlin2002.de\/bfcfotos\/wordpress\/wp-json\/wp\/v2\/comments?post=405"}],"version-history":[{"count":0,"href":"http:\/\/www.dynamoberlin2002.de\/bfcfotos\/wordpress\/wp-json\/wp\/v2\/posts\/405\/revisions"}],"wp:attachment":[{"href":"http:\/\/www.dynamoberlin2002.de\/bfcfotos\/wordpress\/wp-json\/wp\/v2\/media?parent=405"}],"wp:term":[{"taxonomy":"category","embeddable":true,"href":"http:\/\/www.dynamoberlin2002.de\/bfcfotos\/wordpress\/wp-json\/wp\/v2\/categories?post=405"},{"taxonomy":"post_tag","embeddable":true,"href":"http:\/\/www.dynamoberlin2002.de\/bfcfotos\/wordpress\/wp-json\/wp\/v2\/tags?post=405"}],"curies":[{"name":"wp","href":"https:\/\/api.w.org\/{rel}","templated":true}]}}