{"id":3238,"date":"2012-07-20T22:21:52","date_gmt":"2012-07-20T20:21:52","guid":{"rendered":"http:\/\/www.dynamoberlin2002.de\/bfcfotos\/wordpress\/?p=3238"},"modified":"2012-07-21T10:04:48","modified_gmt":"2012-07-21T08:04:48","slug":"es-gibt-nur-eine-moral-sie-ist-die-gleiche-fur-beide-geschlechter-martha-wygodzinski","status":"publish","type":"post","link":"http:\/\/www.dynamoberlin2002.de\/bfcfotos\/wordpress\/archives\/3238","title":{"rendered":"Es gibt nur eine Moral, sie ist die gleiche f\u00c3\u00bcr beide Geschlechter (Martha Wygodzinski)"},"content":{"rendered":"<p>Heute wartete ich sehns\u00c3\u00bcchtig auf die Ankunft einer DHL Lieferung und schlich mich deshalb alle zehn Minuten zum Fester, um Ausschau nach dem gelben Wagen zu halten. Das erste gelbe Auto, das mir auffiel, geh\u00c3\u00b6rte aber nicht dem Postunternehmen, sondern einem Mann im schwarzen Anzug, der ein gro\u00c3\u0178es Ger\u00c3\u00a4t aus dem Kofferraum hievte &#8211; genau vor unserer Eingangst\u00c3\u00bcr &#8211; Neue Sch\u00c3\u00b6nholzer Str. 12. Ein Leierkasten&#8230;<\/p>\n<p>Ich vermutete, er wolle ins Rathaus, um im oder vor dem Standesamt einem Brautpaar eine Freude zu machen. Aber als ich nach zehn Minuten wieder aus dem Fenster sah, war der Leierkastenmann noch da und au\u00c3\u0178erdem eine Menge anderer Menschen, sogar der B\u00c3\u00bcrgermeister. Man versammelte sich vor dem Nachbarhaus. Von den gehaltenen Reden konnte ich nichts verstehen, aber die Leierkastenmusik schien irgendwie zu Hause und bahnte sich den Weg bis nach oben ans Fenster.<\/p>\n<p>Erst als ich heute am Abend noch einmal das Haus verlie\u00c3\u0178, fiel mir auf, dass die Karte, die seit gestern an der Mitteilungstafel hing, niemand mitgenommen hatte.<\/p>\n<p><a href=\"http:\/\/www.dynamoberlin2002.de\/bfcfotos\/wordpress\/wp-content\/uploads\/2012\/07\/Martha-Wygodzinski.jpg\" rel=\"lightbox[3238]\"><img loading=\"lazy\" decoding=\"async\" class=\"aligncenter size-medium wp-image-3239\" title=\"Martha Wygodzinski\" src=\"http:\/\/www.dynamoberlin2002.de\/bfcfotos\/wordpress\/wp-content\/uploads\/2012\/07\/Martha-Wygodzinski-222x300.jpg\" alt=\"Martha Wygodzinski\" width=\"222\" height=\"300\" srcset=\"http:\/\/www.dynamoberlin2002.de\/bfcfotos\/wordpress\/wp-content\/uploads\/2012\/07\/Martha-Wygodzinski-222x300.jpg 222w, http:\/\/www.dynamoberlin2002.de\/bfcfotos\/wordpress\/wp-content\/uploads\/2012\/07\/Martha-Wygodzinski-759x1024.jpg 759w, http:\/\/www.dynamoberlin2002.de\/bfcfotos\/wordpress\/wp-content\/uploads\/2012\/07\/Martha-Wygodzinski.jpg 778w\" sizes=\"(max-width: 222px) 100vw, 222px\" \/><\/a><\/p>\n<p>Leider habe ich die Karte gestern nicht umgedreht, ich hab ja nicht gewusst, dass es sich um eine Mitteilung an die Hausbewohner handelt &#8211; vermutlich haben meine Nachbarn die Karte auch nicht umgedreht. So konnten wir der Einladung nicht folgen &#8211; das ist schade, denn die mit einer Gedenktafel geehrte Nachbarin h\u00c3\u00a4tte unsere Aufmerksamkeit verdient.<\/p>\n<p><a href=\"http:\/\/www.dynamoberlin2002.de\/bfcfotos\/wordpress\/wp-content\/uploads\/2012\/07\/Einladung.jpg\" rel=\"lightbox[3238]\"><img loading=\"lazy\" decoding=\"async\" class=\"aligncenter size-medium wp-image-3241\" title=\"Einladung -Gedenkzeichen Martha Wygodzinski\" src=\"http:\/\/www.dynamoberlin2002.de\/bfcfotos\/wordpress\/wp-content\/uploads\/2012\/07\/Einladung-274x300.jpg\" alt=\"Einladung - Gedenkzeichen Martha Wygodzinski\" width=\"274\" height=\"300\" srcset=\"http:\/\/www.dynamoberlin2002.de\/bfcfotos\/wordpress\/wp-content\/uploads\/2012\/07\/Einladung-274x300.jpg 274w, http:\/\/www.dynamoberlin2002.de\/bfcfotos\/wordpress\/wp-content\/uploads\/2012\/07\/Einladung.jpg 732w\" sizes=\"(max-width: 274px) 100vw, 274px\" \/><\/a><\/p>\n<p>Dass wir den kleinen Imbiss verpasst haben, ist leicht zu verschmerzen &#8211; aber es w\u00c3\u00a4re gut gewesen, als Nachbarin mehr \u00c3\u00bcber Martha Wygodzinski zu wissen, die auch der &#8222;Engel der Armen&#8220; genannt wurde und die von den Nazis in Theresienstadt ermordet wurde.<\/p>\n<p><a href=\"http:\/\/www.dynamoberlin2002.de\/bfcfotos\/wordpress\/wp-content\/uploads\/2012\/07\/13-neue-sch.jpg\" rel=\"lightbox[3238]\"><img loading=\"lazy\" decoding=\"async\" class=\"aligncenter size-medium wp-image-3242\" title=\"Neue Sch\u00c3\u00b6nholzer Str. 13 mit Gedenktafel\" src=\"http:\/\/www.dynamoberlin2002.de\/bfcfotos\/wordpress\/wp-content\/uploads\/2012\/07\/13-neue-sch-300x201.jpg\" alt=\"Neue Sch\u00c3\u00b6nholzer Str. 13 mit Gedenktafel\" width=\"300\" height=\"201\" srcset=\"http:\/\/www.dynamoberlin2002.de\/bfcfotos\/wordpress\/wp-content\/uploads\/2012\/07\/13-neue-sch-300x201.jpg 300w, http:\/\/www.dynamoberlin2002.de\/bfcfotos\/wordpress\/wp-content\/uploads\/2012\/07\/13-neue-sch.jpg 914w\" sizes=\"(max-width: 300px) 100vw, 300px\" \/><\/a><\/p>\n<p>&nbsp;<\/p>\n<p><a href=\"http:\/\/www.dynamoberlin2002.de\/bfcfotos\/wordpress\/wp-content\/uploads\/2012\/07\/gedenktafel.jpg\" rel=\"lightbox[3238]\"><img loading=\"lazy\" decoding=\"async\" class=\"aligncenter size-medium wp-image-3243\" title=\"Gedenktafel\" src=\"http:\/\/www.dynamoberlin2002.de\/bfcfotos\/wordpress\/wp-content\/uploads\/2012\/07\/gedenktafel-200x300.jpg\" alt=\"Gedenktafel\" width=\"200\" height=\"300\" srcset=\"http:\/\/www.dynamoberlin2002.de\/bfcfotos\/wordpress\/wp-content\/uploads\/2012\/07\/gedenktafel-200x300.jpg 200w, http:\/\/www.dynamoberlin2002.de\/bfcfotos\/wordpress\/wp-content\/uploads\/2012\/07\/gedenktafel-682x1024.jpg 682w, http:\/\/www.dynamoberlin2002.de\/bfcfotos\/wordpress\/wp-content\/uploads\/2012\/07\/gedenktafel.jpg 900w\" sizes=\"(max-width: 200px) 100vw, 200px\" \/><\/a><\/p>\n<p>F\u00c3\u00bcr mehr Informationen:<\/p>\n<p>1. J\u00c3\u00bcdische Miniaturen &#8211; <a title=\"Martha Wygodzinski\" href=\"http:\/\/www.hentrichhentrich.de\/buch-martha-wygodzinski.html\">Klick<\/a><\/p>\n<p>2. Wikipedia &#8211; Martha Wygodzinski &#8211; <a title=\"Martha Wygodzinski\" href=\"http:\/\/de.wikipedia.org\/wiki\/Martha_Wygodzinski\" target=\"_blank\">Klick<\/a><\/p>\n<p>&nbsp;<\/p>\n","protected":false},"excerpt":{"rendered":"<p>Heute wartete ich sehns\u00c3\u00bcchtig auf die Ankunft einer DHL Lieferung und schlich mich deshalb alle zehn Minuten zum Fester, um Ausschau nach dem gelben Wagen zu halten. Das erste gelbe Auto, das mir auffiel, geh\u00c3\u00b6rte aber nicht dem Postunternehmen, sondern &hellip; <a href=\"http:\/\/www.dynamoberlin2002.de\/bfcfotos\/wordpress\/archives\/3238\">Weiterlesen <span class=\"meta-nav\">&rarr;<\/span><\/a><\/p>\n","protected":false},"author":1,"featured_media":0,"comment_status":"open","ping_status":"open","sticky":false,"template":"","format":"standard","meta":{"footnotes":""},"categories":[10,29],"tags":[],"aioseo_notices":[],"_links":{"self":[{"href":"http:\/\/www.dynamoberlin2002.de\/bfcfotos\/wordpress\/wp-json\/wp\/v2\/posts\/3238"}],"collection":[{"href":"http:\/\/www.dynamoberlin2002.de\/bfcfotos\/wordpress\/wp-json\/wp\/v2\/posts"}],"about":[{"href":"http:\/\/www.dynamoberlin2002.de\/bfcfotos\/wordpress\/wp-json\/wp\/v2\/types\/post"}],"author":[{"embeddable":true,"href":"http:\/\/www.dynamoberlin2002.de\/bfcfotos\/wordpress\/wp-json\/wp\/v2\/users\/1"}],"replies":[{"embeddable":true,"href":"http:\/\/www.dynamoberlin2002.de\/bfcfotos\/wordpress\/wp-json\/wp\/v2\/comments?post=3238"}],"version-history":[{"count":7,"href":"http:\/\/www.dynamoberlin2002.de\/bfcfotos\/wordpress\/wp-json\/wp\/v2\/posts\/3238\/revisions"}],"predecessor-version":[{"id":3254,"href":"http:\/\/www.dynamoberlin2002.de\/bfcfotos\/wordpress\/wp-json\/wp\/v2\/posts\/3238\/revisions\/3254"}],"wp:attachment":[{"href":"http:\/\/www.dynamoberlin2002.de\/bfcfotos\/wordpress\/wp-json\/wp\/v2\/media?parent=3238"}],"wp:term":[{"taxonomy":"category","embeddable":true,"href":"http:\/\/www.dynamoberlin2002.de\/bfcfotos\/wordpress\/wp-json\/wp\/v2\/categories?post=3238"},{"taxonomy":"post_tag","embeddable":true,"href":"http:\/\/www.dynamoberlin2002.de\/bfcfotos\/wordpress\/wp-json\/wp\/v2\/tags?post=3238"}],"curies":[{"name":"wp","href":"https:\/\/api.w.org\/{rel}","templated":true}]}}