{"id":3034,"date":"2012-05-21T13:20:06","date_gmt":"2012-05-21T11:20:06","guid":{"rendered":"http:\/\/www.dynamoberlin2002.de\/bfcfotos\/wordpress\/?p=3034"},"modified":"2012-05-21T13:20:06","modified_gmt":"2012-05-21T11:20:06","slug":"kommentare-4-vom-aufschreiber","status":"publish","type":"post","link":"http:\/\/www.dynamoberlin2002.de\/bfcfotos\/wordpress\/archives\/3034","title":{"rendered":"Kommentare: 4 &#8211; vom Aufschreiber"},"content":{"rendered":"<p>Also, nun sind wir bei dem 400-Euro-Jobber, der mit seiner Kunst weniger als 325 Euro monatlich dazu verdient und deshalb bei der KSK nicht versichert ist.<\/p>\n<p>Tut mir leid Miri, stimmt so auch nicht. Innerhalb von sechs Jahren darf ein K\u00c3\u00bcnstler zwei Jahre unter dem Einkommenslimit bleiben, ohne seine KSK-Mitgliedschaft zu verlieren.<\/p>\n<p>Wer aber auf Dauer unter dem Existenzminimum verdient, ist eben kein Freiberufler, sondern ein Hobbyk\u00c3\u00bcnstler. Und Hobbys sind weder kranken- noch rentenversicherungspflichtig.<\/p>\n<p>Dass Frau von der Leyen sozialpolitisch nicht das &#8222;sharpest tool in the box&#8220; ist, bedarf nicht der Erl\u00c3\u00a4uterung.<\/p>\n<p>Dass aber im Kapitalismus Menschen &#8222;unsolidarisch bezahlt&#8220; werden, ist bereits a priori eine absurde Argumentation. Wer soll sie denn solidarisch bezahlen? Der Kapitalist? Der von Kapitalismus beherrschte Staat? Und die, mit denen solidarisch zu sein mindestens moralische Pflicht ist, die haben selbst nichts &#8211; au\u00c3\u0178er Minimaleinkommen\/ALG 1 oder Hartz IV.<\/p>\n<p>Wie wissend oder unwissend die Ministerin auch sein mag &#8211; der 1000-Euro-brutto-Schein-Freiberufler wird nicht betroffen sein. Der f\u00c3\u00a4llt so oder so der Altersarmut anheim und lebt sp\u00c3\u00a4ter von Grundsicherung.<\/p>\n<p>Aber nat\u00c3\u00bcrlich wird er nach Abzug aller Betriebskosten wie Telefon, Internet, Computer, Drucker, Papier, Arbeitszimmeranteil (bei einer Einzimmerwohnung, sonst Arbeitszimmer ohne &#8222;Anteil-Aufgliederung&#8220;) zu einem Einkommen gelangen, mit dem ihn nicht mal das Jobcenter wegschicken kann.<\/p>\n<p>Last not least: Es gibt auch kaum mehr WG-Zimmer f\u00c3\u00bcr 250 Euro warm. In Berlin nicht und in anderen Gro\u00c3\u0178st\u00c3\u00a4dten (die Welt endet nicht an der Berliner Stadtgrenze) \u00c3\u00bcberhaupt nicht.<\/p>\n","protected":false},"excerpt":{"rendered":"<p>Also, nun sind wir bei dem 400-Euro-Jobber, der mit seiner Kunst weniger als 325 Euro monatlich dazu verdient und deshalb bei der KSK nicht versichert ist. Tut mir leid Miri, stimmt so auch nicht. Innerhalb von sechs Jahren darf ein &hellip; <a href=\"http:\/\/www.dynamoberlin2002.de\/bfcfotos\/wordpress\/archives\/3034\">Weiterlesen <span class=\"meta-nav\">&rarr;<\/span><\/a><\/p>\n","protected":false},"author":1,"featured_media":0,"comment_status":"open","ping_status":"open","sticky":false,"template":"","format":"standard","meta":{"footnotes":""},"categories":[1],"tags":[],"aioseo_notices":[],"_links":{"self":[{"href":"http:\/\/www.dynamoberlin2002.de\/bfcfotos\/wordpress\/wp-json\/wp\/v2\/posts\/3034"}],"collection":[{"href":"http:\/\/www.dynamoberlin2002.de\/bfcfotos\/wordpress\/wp-json\/wp\/v2\/posts"}],"about":[{"href":"http:\/\/www.dynamoberlin2002.de\/bfcfotos\/wordpress\/wp-json\/wp\/v2\/types\/post"}],"author":[{"embeddable":true,"href":"http:\/\/www.dynamoberlin2002.de\/bfcfotos\/wordpress\/wp-json\/wp\/v2\/users\/1"}],"replies":[{"embeddable":true,"href":"http:\/\/www.dynamoberlin2002.de\/bfcfotos\/wordpress\/wp-json\/wp\/v2\/comments?post=3034"}],"version-history":[{"count":1,"href":"http:\/\/www.dynamoberlin2002.de\/bfcfotos\/wordpress\/wp-json\/wp\/v2\/posts\/3034\/revisions"}],"predecessor-version":[{"id":3035,"href":"http:\/\/www.dynamoberlin2002.de\/bfcfotos\/wordpress\/wp-json\/wp\/v2\/posts\/3034\/revisions\/3035"}],"wp:attachment":[{"href":"http:\/\/www.dynamoberlin2002.de\/bfcfotos\/wordpress\/wp-json\/wp\/v2\/media?parent=3034"}],"wp:term":[{"taxonomy":"category","embeddable":true,"href":"http:\/\/www.dynamoberlin2002.de\/bfcfotos\/wordpress\/wp-json\/wp\/v2\/categories?post=3034"},{"taxonomy":"post_tag","embeddable":true,"href":"http:\/\/www.dynamoberlin2002.de\/bfcfotos\/wordpress\/wp-json\/wp\/v2\/tags?post=3034"}],"curies":[{"name":"wp","href":"https:\/\/api.w.org\/{rel}","templated":true}]}}