{"id":2881,"date":"2011-10-27T12:36:32","date_gmt":"2011-10-27T10:36:32","guid":{"rendered":"http:\/\/www.dynamoberlin2002.de\/bfcfotos\/wordpress\/?p=2881"},"modified":"2011-10-27T16:52:25","modified_gmt":"2011-10-27T14:52:25","slug":"pankow-fur-vielfalt-gegen-symboltrager-der-intoleranz","status":"publish","type":"post","link":"http:\/\/www.dynamoberlin2002.de\/bfcfotos\/wordpress\/archives\/2881","title":{"rendered":"Pankow f\u00c3\u00bcr Vielfalt \u00e2\u20ac\u201c Gegen Symboltr\u00c3\u00a4ger der Intoleranz"},"content":{"rendered":"<p>Unterst\u00c3\u00bctzung ist n\u00c3\u00b6tig! FLYER zum Runterladen <a href='http:\/\/www.dynamoberlin2002.de\/bfcfotos\/wordpress\/wp-content\/uploads\/2011\/10\/PA_2011_10_Flugblatt.pdf'>Klick<\/a><\/p>\n<p>Pankow f\u00c3\u00bcr Vielfalt \u00e2\u20ac\u201c Gegen Symboltr\u00c3\u00a4ger der Intoleranz<\/p>\n<p>Am 28.10.2011 er\u00c3\u00b6ffnet um 10 Uhr in der Berliner Allee 11 in<br \/>\nBerlin-Wei\u00c3\u0178ensee, in unmittelbarer N\u00c3\u00a4he des gr\u00c3\u00b6\u00c3\u0178ten j\u00c3\u00bcdischen Friedhofs<br \/>\nEuropas, ein Laden des rechten Modelabels \u00e2\u20ac\u017eThor Steinar\u00e2\u20ac\u0153.<\/p>\n<p>Wir rufen alle demokratischen und antifaschistischen Kr\u00c3\u00a4fte, die<br \/>\nB\u00c3\u00bcrgerinnen und B\u00c3\u00bcrger Pankows und Berlins auf, ab 9.00 Uhr vor Ort<br \/>\ndeutlich und vernehmbar klarzustellen:<\/p>\n<p>Pankow als Ort der Vielfalt und Toleranz duldet keine Bannertr\u00c3\u00a4ger der<br \/>\nIntoleranz!<\/p>\n<p>Wir sagen den Betreibern: Wir wollen Euch nicht in Pankow! Und wir sagen<br \/>\ndem Vermieter: Eigentum verpflichtet! Es ist nicht egal, womit Sie Ihr<br \/>\nGeld verdienen!<\/p>\n<p>Lieber Berlinerinnen und Berliner, liebe Pankowerinnen und Pankower:<br \/>\nKommen Sie alle und helfen Sie mit, unmissverst\u00c3\u00a4ndlich klarzustellen,<br \/>\ndass Pankow ein unwirtlicher Ort f\u00c3\u00bcr Nazis und Rassisten ist. Wir lassen<br \/>\nnicht zu, dass sie sich hier einnisten!<\/p>\n","protected":false},"excerpt":{"rendered":"<p>Unterst\u00c3\u00bctzung ist n\u00c3\u00b6tig! FLYER zum Runterladen Klick Pankow f\u00c3\u00bcr Vielfalt \u00e2\u20ac\u201c Gegen Symboltr\u00c3\u00a4ger der Intoleranz Am 28.10.2011 er\u00c3\u00b6ffnet um 10 Uhr in der Berliner Allee 11 in Berlin-Wei\u00c3\u0178ensee, in unmittelbarer N\u00c3\u00a4he des gr\u00c3\u00b6\u00c3\u0178ten j\u00c3\u00bcdischen Friedhofs Europas, ein Laden des rechten &hellip; <a href=\"http:\/\/www.dynamoberlin2002.de\/bfcfotos\/wordpress\/archives\/2881\">Weiterlesen <span class=\"meta-nav\">&rarr;<\/span><\/a><\/p>\n","protected":false},"author":1,"featured_media":0,"comment_status":"open","ping_status":"open","sticky":false,"template":"","format":"standard","meta":{"footnotes":""},"categories":[1],"tags":[],"aioseo_notices":[],"_links":{"self":[{"href":"http:\/\/www.dynamoberlin2002.de\/bfcfotos\/wordpress\/wp-json\/wp\/v2\/posts\/2881"}],"collection":[{"href":"http:\/\/www.dynamoberlin2002.de\/bfcfotos\/wordpress\/wp-json\/wp\/v2\/posts"}],"about":[{"href":"http:\/\/www.dynamoberlin2002.de\/bfcfotos\/wordpress\/wp-json\/wp\/v2\/types\/post"}],"author":[{"embeddable":true,"href":"http:\/\/www.dynamoberlin2002.de\/bfcfotos\/wordpress\/wp-json\/wp\/v2\/users\/1"}],"replies":[{"embeddable":true,"href":"http:\/\/www.dynamoberlin2002.de\/bfcfotos\/wordpress\/wp-json\/wp\/v2\/comments?post=2881"}],"version-history":[{"count":4,"href":"http:\/\/www.dynamoberlin2002.de\/bfcfotos\/wordpress\/wp-json\/wp\/v2\/posts\/2881\/revisions"}],"predecessor-version":[{"id":2886,"href":"http:\/\/www.dynamoberlin2002.de\/bfcfotos\/wordpress\/wp-json\/wp\/v2\/posts\/2881\/revisions\/2886"}],"wp:attachment":[{"href":"http:\/\/www.dynamoberlin2002.de\/bfcfotos\/wordpress\/wp-json\/wp\/v2\/media?parent=2881"}],"wp:term":[{"taxonomy":"category","embeddable":true,"href":"http:\/\/www.dynamoberlin2002.de\/bfcfotos\/wordpress\/wp-json\/wp\/v2\/categories?post=2881"},{"taxonomy":"post_tag","embeddable":true,"href":"http:\/\/www.dynamoberlin2002.de\/bfcfotos\/wordpress\/wp-json\/wp\/v2\/tags?post=2881"}],"curies":[{"name":"wp","href":"https:\/\/api.w.org\/{rel}","templated":true}]}}