{"id":2448,"date":"2010-05-21T18:23:35","date_gmt":"2010-05-21T16:23:35","guid":{"rendered":"http:\/\/www.dynamoberlin2002.de\/bfcfotos\/wordpress\/?p=2448"},"modified":"2010-05-21T18:29:41","modified_gmt":"2010-05-21T16:29:41","slug":"liebe-griechen","status":"publish","type":"post","link":"http:\/\/www.dynamoberlin2002.de\/bfcfotos\/wordpress\/archives\/2448","title":{"rendered":"Liebe Griechen&#8230;"},"content":{"rendered":"<p>Liebe Griechen,<\/p>\n<p>der stern-Autor Walter W\u00c3\u00bcllenweber hat euch zwei Briefe geschrieben &#8211; und er hat dabei so getan, als d\u00c3\u00bcrfte er sich f\u00c3\u00bcr alle Deutschen \u00c3\u00a4u\u00c3\u0178ern. Er hat &#8222;wir&#8220; und &#8222;ihr&#8220; geschrieben, als g\u00c3\u00a4be es sein &#8222;ihr&#8220; und &#8222;wir&#8220;.\u00c2\u00a0 Ich sch\u00c3\u00a4me mich f\u00c3\u00bcr diese Briefe und ich hoffe, dass ihr nicht denkt, wir w\u00c3\u00a4ren mit mit diesem Walter W\u00c3\u00bcllenberger einer Meinung. Wir, das sind die meisten deutschen Linken, meine Freunde und viele andere kluge Menschen.<\/p>\n<p>Wir wissen, dass wir nicht eure &#8222;Geldtante&#8220; sind, die euch angeblich jedem 9000 \u00e2\u201a\u00ac geschenkt hat.<\/p>\n<p>Wir wissen, dass ihr NEIN sagen k\u00c3\u00b6nnt. So, wie ihr Nein gesagt habt, zur Kapitulation vor den Nationalsozialisten. Sie haben euch \u00c3\u00bcberfallen und euer Land besetzt. Zuerst die italienischen Faschisten, die habt ihr noch zur\u00c3\u00bcck schlagen k\u00c3\u00b6nnen. Aber dann kamen 1941 die deutschen und bulgarischen Faschisten und euer Widerstand wurde gebrochen.<\/p>\n<p>Jeder kann in Wikipedia nachlesen:<\/p>\n<p><span style=\"color: #008000;\"><em>Italien, Deutschland und Bulgarien errichteten ein hartes Besatzungsregime. So wurde durch die erzwungene Ausfuhr der fast gesamten griechischen Produktion noch eine positive Handelsbilanz zum Deutschen Reich in H\u00c3\u00b6he von 71 Mio. Reichsmark festgestellt, die dann mit extremen Besatzungskosten (auf Wunsch von Hitler in <\/em><em>\u00e2\u20ac\u017eAufbaukosten\u00e2\u20ac\u0153<\/em> umbenannt) verrechnet wurden. Griechenland hatte von allen besetzten L\u00c3\u00a4ndern pro Kopf die h\u00c3\u00b6chsten Besatzungskosten zu zahlen. Um von der Bev\u00c3\u00b6lkerung mehr Sachwerte abzuziehen, wurde der Banknotenumlauf gesteigert. Der wirtschaftliche Zusammenbruch war abzusehen und wurde in Kauf genommen. Besonders die fehlenden Lebensmittel f\u00c3\u00bchrten zu einer Hungerkatastrophe und einer S\u00c3\u00a4uglingssterblichkeit von 80%. Von 300 im Oktober 1944 in Athen untersuchten Kindern waren 290 an Tuberkulose erkrankt. Nach \u00e2\u20ac\u017eErbeutung\u00e2\u20ac\u0153 nahezu s\u00c3\u00a4mtlicher Produktionsmittel wie Maschinen, Fahrzeuge etc. wurden mehrheitlich Rohstoffe und landwirtschaftliche Erzeugnisse nach Deutschland gebracht. Das Deutsche Reich hatte sich vertraglich die wirtschaftliche Ausbeutung aller Besatzungszonen gesichert.<\/span><\/p>\n<p>Obwohl die meisten von uns diese Zeit nicht selbst erlebt haben, wissen wir, dass w\u00c3\u00a4hrend der Besatzung durch die Nazis Deutsche viele Kunstsch\u00c3\u00a4tze aus eurem Land geraubt haben.<\/p>\n<p>Wir wissen, dass die deutschen Besatzer zahlreiche Kriegsverbrechen in eurem Land ver\u00c3\u00bcbten. <a title=\"Kalavrita\" href=\"http:\/\/de.wikipedia.org\/wiki\/Kalavrita\">Kalavrita<\/a> und <a title=\"Distomo\" href=\"http:\/\/de.wikipedia.org\/wiki\/Distomo\">Distomo<\/a>, sind nicht vergessen!<\/p>\n<p>Liebe Griechen,<\/p>\n<p>wir haben uns sehr gefreut, dass ihr jetzt nicht einfach alles nur hinnehmt. Wir haben uns gefreut, dass ihr auf die Stra\u00c3\u0178e geht und demonstriert. Lasst euch eure Errungenschaften nicht wegnehmen! Wehrt euch!<\/p>\n<p>K\u00c3\u00bcrzungen der Sozialleistungen haben bei uns viele Menschen in Armut gest\u00c3\u00bcrzt, die Regierenden haben durch sogenannte Reformen daf\u00c3\u00bcr gesorgt, dass zuk\u00c3\u00bcnftige Rentner weniger Rente bekommen und alle l\u00c3\u00a4nger arbeiten m\u00c3\u00bcssen, bis sie Rente beantragen k\u00c3\u00b6nnen. Dabei ist f\u00c3\u00bcr viele gar keine Arbeit da &#8211; wenn jemand nicht mehr ganz jung ist, findet er oft nie wieder Arbeit. Leider waren wir immer wieder zu wenige, die sich wehrten und demonstrierten. Und leider begreifen viele Menschen nicht, wo die Ursachen f\u00c3\u00bcr die sogenannte Geldnot liegen und dass es die Produktionsverh\u00c3\u00a4ltnisse sind, die ge\u00c3\u00a4ndert werden m\u00c3\u00bcssen &#8211; aushilfsweise k\u00c3\u00b6nnte man vorerst auch den reichen Konzernen die Gewinne k\u00c3\u00bcrzen. Daf\u00c3\u00bcr m\u00c3\u00bcssten wir sorgen &#8211; aber wir sind noch zu wenige.<\/p>\n<p>Liebe Griechen,<\/p>\n<p>der Briefschreiber W\u00c3\u00bcllenberger hat in seinem zweiten Brief an euch zugegeben, dass er manche Dinge nicht gewusst hat. Dass er es zuggeben hat, ist gut &#8211; dass er sich nicht vor dem Briefeschreiben informiert hat, ist ein Skandal.<\/p>\n<p>Dann h\u00c3\u00a4tte er n\u00c3\u00a4mlich gewusst, dass deutsche Handelsketten wie Lidl oder Saturn Griechenland erobert haben und somit deutsche Unternehmen aktiv die von ihm kritisierte Wirtschaft mitzuverantworten haben. Er hat angeblich auch nicht gwusst, dass die deutsche Waffenindustrie gigantisch an euch verdient. 13 % der deutschen Waffenexporte gehen nach Griechenland.<\/p>\n<p>Dass Griechenland auch in Deutschland viele Arbeitspl\u00c3\u00a4tze sichert, weil ihr viele unserer Waren und Maschinen kauft, hat der Briefeschreiber offensichtlich immer noch nicht geh\u00c3\u00b6rt oder gelesen.<\/p>\n<p>Der \u00c3\u00b6ffentliche Dienst wird bei uns immer weiter abgebaut. Immer mehr Aufgaben, die er eigentlich haben m\u00c3\u00bcsste, werden privatisiert. Das hei\u00c3\u0178t auch, dass immer weniger Menschen sichere Arbeitspl\u00c3\u00a4tze haben. Es stimmt, dass wir l\u00c3\u00b6chrige Stra\u00c3\u0178en haben, Schwimmb\u00c3\u00a4der schlie\u00c3\u0178en, es ist auch richtig, dass manche St\u00c3\u00a4dte jede zweite Stra\u00c3\u0178enlaterne nicht mehr anschalten, weil sie die Stromrechnung nicht mehr bezahlen k\u00c3\u00b6nnen. Insoweit stimmt die Beschreibung von W\u00c3\u00bcllenberger. Aber, liebe Griechen, daran seid ihr gewiss nicht schuld!<\/p>\n<p>Liebe Griechen,<\/p>\n<p>wir haben uns sehr gefreut, als wir euer Transparent gelesen haben: &#8222;V\u00c3\u00b6lker Europas, steht auf!!&#8220; Der<a title=\"V\u00c3\u00b6lker Europas\" href=\"http:\/\/aufschreiblog.blogspot.com\/2010\/05\/volker-der-welt-steht-auf.html\"> aufschreiber<\/a> hat dazu schon geschrieben, was wir denken:<\/p>\n<p>V\u00c3\u00b6ker Europas, steht auf! Man k\u00c3\u00b6nnte auch sagen: Proletarier aller L\u00c3\u00a4nder vereinigt euch!<\/p>\n","protected":false},"excerpt":{"rendered":"<p>Liebe Griechen, der stern-Autor Walter W\u00c3\u00bcllenweber hat euch zwei Briefe geschrieben &#8211; und er hat dabei so getan, als d\u00c3\u00bcrfte er sich f\u00c3\u00bcr alle Deutschen \u00c3\u00a4u\u00c3\u0178ern. Er hat &#8222;wir&#8220; und &#8222;ihr&#8220; geschrieben, als g\u00c3\u00a4be es sein &#8222;ihr&#8220; und &#8222;wir&#8220;.\u00c2\u00a0 Ich &hellip; <a href=\"http:\/\/www.dynamoberlin2002.de\/bfcfotos\/wordpress\/archives\/2448\">Weiterlesen <span class=\"meta-nav\">&rarr;<\/span><\/a><\/p>\n","protected":false},"author":1,"featured_media":0,"comment_status":"open","ping_status":"open","sticky":false,"template":"","format":"standard","meta":{"footnotes":""},"categories":[29],"tags":[],"aioseo_notices":[],"_links":{"self":[{"href":"http:\/\/www.dynamoberlin2002.de\/bfcfotos\/wordpress\/wp-json\/wp\/v2\/posts\/2448"}],"collection":[{"href":"http:\/\/www.dynamoberlin2002.de\/bfcfotos\/wordpress\/wp-json\/wp\/v2\/posts"}],"about":[{"href":"http:\/\/www.dynamoberlin2002.de\/bfcfotos\/wordpress\/wp-json\/wp\/v2\/types\/post"}],"author":[{"embeddable":true,"href":"http:\/\/www.dynamoberlin2002.de\/bfcfotos\/wordpress\/wp-json\/wp\/v2\/users\/1"}],"replies":[{"embeddable":true,"href":"http:\/\/www.dynamoberlin2002.de\/bfcfotos\/wordpress\/wp-json\/wp\/v2\/comments?post=2448"}],"version-history":[{"count":10,"href":"http:\/\/www.dynamoberlin2002.de\/bfcfotos\/wordpress\/wp-json\/wp\/v2\/posts\/2448\/revisions"}],"predecessor-version":[{"id":2457,"href":"http:\/\/www.dynamoberlin2002.de\/bfcfotos\/wordpress\/wp-json\/wp\/v2\/posts\/2448\/revisions\/2457"}],"wp:attachment":[{"href":"http:\/\/www.dynamoberlin2002.de\/bfcfotos\/wordpress\/wp-json\/wp\/v2\/media?parent=2448"}],"wp:term":[{"taxonomy":"category","embeddable":true,"href":"http:\/\/www.dynamoberlin2002.de\/bfcfotos\/wordpress\/wp-json\/wp\/v2\/categories?post=2448"},{"taxonomy":"post_tag","embeddable":true,"href":"http:\/\/www.dynamoberlin2002.de\/bfcfotos\/wordpress\/wp-json\/wp\/v2\/tags?post=2448"}],"curies":[{"name":"wp","href":"https:\/\/api.w.org\/{rel}","templated":true}]}}