{"id":1990,"date":"2009-10-29T22:56:15","date_gmt":"2009-10-29T21:56:15","guid":{"rendered":"http:\/\/www.dynamoberlin2002.de\/bfcfotos\/wordpress\/?p=1990"},"modified":"2009-10-30T09:34:10","modified_gmt":"2009-10-30T08:34:10","slug":"neonazis-ueberfallen-fussballer-und-fussballer-reagieren","status":"publish","type":"post","link":"http:\/\/www.dynamoberlin2002.de\/bfcfotos\/wordpress\/archives\/1990","title":{"rendered":"Neonazis \u00c3\u00bcberfallen Fu\u00c3\u0178baller &#8211; und Fu\u00c3\u0178baller reagieren"},"content":{"rendered":"<p>Es geschah in Brandis, einer kleinen Stadt in der N\u00c3\u00a4he von Leipzig.\u00c2\u00a0 Neonazis \u00c3\u00bcberfielen Spieler und Fans. Die bisher bekannten Einzelheiten findet man in den Medien. (<a title=\"Spiegel\" href=\"http:\/\/www.spiegel.de\/sport\/fussball\/0,1518,657240,00.html\" target=\"_blank\">http:\/\/www.spiegel.de\/sport\/fussball\/0,1518,657240,00.html<\/a> &#8211; Spiegel)<\/p>\n<p>Die Stellungnahme der \u00c3\u00bcberfallenen Mannschaft und des Vereins stelle ich hier ein\u00c2\u00a0 &#8211; als ein Zeichen meiner Solidarit\u00c3\u00a4t.<\/p>\n<h2>Stellungnahme der Ersten Herren (29.10.2009)<\/h2>\n<p>Der Verein Roter Stern Leipzig schlie\u00c3\u0178t sich dem Statement einvernehmlich an.<\/p>\n<hr \/>\n<p>Die Ereignisse vom letzten Wochenende sind f\u00c3\u00bcr uns immer noch kaum fassbar. Obwohl wir Sonntag, wie jedes Wochenende, wieder auf dem Platz stehen werden, um Fu\u00c3\u0178ball zu spielen, kann von Normalit\u00c3\u00a4t keine Rede sein. Zu schockiert sind wir \u00c3\u00bcber die menschenverachtende Weise, in der unser letztes Spiel \u00c3\u00bcberfallen wurde, und zu betroffen \u00c3\u00bcber die Opfer dieses brutalen neonazistischen Angriffs.<\/p>\n<p>Das Spiel wird kein Zur\u00c3\u00bcckkehren zur Tagesordnung. Die im Gespr\u00c3\u00a4ch gereifte Entscheidung, weiterzumachen, gr\u00c3\u00bcndet sich in der Dringlichkeit, auf faschistische Tendenzen im Fu\u00c3\u0178ball und \u00c3\u00bcberall sonst hinzuweisen und ist Ausdruck f\u00c3\u00bcr unsere Entschlossenheit, solche Verh\u00c3\u00a4ltnisse nicht hinnehmen zu wollen.<\/p>\n<p>Wir begreifen die gro\u00c3\u0178e \u00c3\u00b6ffentliche Anteilnahme und zahlreichen Solidarit\u00c3\u00a4tsbekundungen sowie das respektvolle Umgehen mit Mannschaften und Fans bei vergangenen Spielen als Best\u00c3\u00a4rkung unseres Selbstverst\u00c3\u00a4ndnisses.<\/p>\n<p>Wir sind uns bewusst, dass das Problem faschistischer \u00c3\u0153bergriffe nicht nur uns betrifft, sondern in vielen Orten Sachsens und anderswo Menschen Opfer von Rassismus anderer Diskrimierungen werden.<\/p>\n<p>Daher begreifen wir diese Situation auch als Chance, klarzustellen, dass ein entschlossenes Entgegentreten gegen\u00c3\u00bcber solchen menschenverachtenden Ideologien auch eine humanistische Verpflichtung, der Antifaschismus eine Notwendigkeit ist.<\/p>\n","protected":false},"excerpt":{"rendered":"<p>Es geschah in Brandis, einer kleinen Stadt in der N\u00c3\u00a4he von Leipzig.\u00c2\u00a0 Neonazis \u00c3\u00bcberfielen Spieler und Fans. Die bisher bekannten Einzelheiten findet man in den Medien. (http:\/\/www.spiegel.de\/sport\/fussball\/0,1518,657240,00.html &#8211; Spiegel) Die Stellungnahme der \u00c3\u00bcberfallenen Mannschaft und des Vereins stelle ich hier &hellip; <a href=\"http:\/\/www.dynamoberlin2002.de\/bfcfotos\/wordpress\/archives\/1990\">Weiterlesen <span class=\"meta-nav\">&rarr;<\/span><\/a><\/p>\n","protected":false},"author":1,"featured_media":0,"comment_status":"open","ping_status":"open","sticky":false,"template":"","format":"standard","meta":{"footnotes":""},"categories":[1],"tags":[],"aioseo_notices":[],"_links":{"self":[{"href":"http:\/\/www.dynamoberlin2002.de\/bfcfotos\/wordpress\/wp-json\/wp\/v2\/posts\/1990"}],"collection":[{"href":"http:\/\/www.dynamoberlin2002.de\/bfcfotos\/wordpress\/wp-json\/wp\/v2\/posts"}],"about":[{"href":"http:\/\/www.dynamoberlin2002.de\/bfcfotos\/wordpress\/wp-json\/wp\/v2\/types\/post"}],"author":[{"embeddable":true,"href":"http:\/\/www.dynamoberlin2002.de\/bfcfotos\/wordpress\/wp-json\/wp\/v2\/users\/1"}],"replies":[{"embeddable":true,"href":"http:\/\/www.dynamoberlin2002.de\/bfcfotos\/wordpress\/wp-json\/wp\/v2\/comments?post=1990"}],"version-history":[{"count":7,"href":"http:\/\/www.dynamoberlin2002.de\/bfcfotos\/wordpress\/wp-json\/wp\/v2\/posts\/1990\/revisions"}],"predecessor-version":[{"id":1994,"href":"http:\/\/www.dynamoberlin2002.de\/bfcfotos\/wordpress\/wp-json\/wp\/v2\/posts\/1990\/revisions\/1994"}],"wp:attachment":[{"href":"http:\/\/www.dynamoberlin2002.de\/bfcfotos\/wordpress\/wp-json\/wp\/v2\/media?parent=1990"}],"wp:term":[{"taxonomy":"category","embeddable":true,"href":"http:\/\/www.dynamoberlin2002.de\/bfcfotos\/wordpress\/wp-json\/wp\/v2\/categories?post=1990"},{"taxonomy":"post_tag","embeddable":true,"href":"http:\/\/www.dynamoberlin2002.de\/bfcfotos\/wordpress\/wp-json\/wp\/v2\/tags?post=1990"}],"curies":[{"name":"wp","href":"https:\/\/api.w.org\/{rel}","templated":true}]}}