{"id":1434,"date":"2009-06-09T13:02:48","date_gmt":"2009-06-09T11:02:48","guid":{"rendered":"http:\/\/www.dynamoberlin2002.de\/bfcfotos\/wordpress\/?p=1434"},"modified":"2009-06-09T13:03:09","modified_gmt":"2009-06-09T11:03:09","slug":"bfc-dynamo-wir-machen-dummheit-zur-strategie","status":"publish","type":"post","link":"http:\/\/www.dynamoberlin2002.de\/bfcfotos\/wordpress\/archives\/1434","title":{"rendered":"BFC Dynamo: Wir machen Dummheit zur Strategie"},"content":{"rendered":"<p>K\u00c3\u00bcrzlich erschien im Berliner Kurier ein kleiner Artikel &#8222;Verzicht aufs Dynamo-D&#8220; in dem es hie\u00c3\u0178:<\/p>\n<blockquote><p>&#8222;Das Dynamo-D ist verschwunden, der Berliner B\u00c3\u00a4r richtet sich vor einem weinrot-wei\u00c3\u0178-gestreiften Hintergrund auf. Dazu ein Ring in den Klubfarben mit dem Vereinsnamen. Kraftvoll, aber gew\u00c3\u00b6hnungsbed\u00c3\u00bcrftig. &#8222;Wir wollten den Besitzern des Alt-Logos keinerlei juristische Angriffspunkte bieten, haben deshalb bewusst auf das D und das BFC verzichtet. Und es sollte nicht hypermodern wirken&#8220;, so Peter Meyer.<\/p><\/blockquote>\n<p>Der BFC Dynamo braucht dringend ein Logo. Sein eigenes geh\u00c3\u00b6rt ihm n\u00c3\u00a4mlich nicht.<\/p>\n<p>Dummheit der ehemaligen Vereinsoberen f\u00c3\u00bchrte einst dazu, dass sich ein Gesch\u00c3\u00a4ftemacher das Logo, an dem der Verein kein Interesse anmeldete, sichern lie\u00c3\u0178.<\/p>\n<p>Inzwischen hat das Logo zwei andere\u00c2\u00a0Eigent\u00c3\u00bcmer &#8211; und die wollen mehr Geld daf\u00c3\u00bcr, als der Verein bezahlen kann. Einer\u00c2\u00a0der Besitzer sitzt\u00c2\u00a0\u00c2\u00a0neuerdings hinter schwedischen Gardinen, was ihn f\u00c3\u00bcr Verhandlungen ohnehin schwerer erreichbar machen k\u00c3\u00b6nnte. Der andere Eigent\u00c3\u00bcmer an den Rechten des Logos des Meisterklubs ist Mitglied des Vereins und geh\u00c3\u00b6rte vor Jahren zu seinen Rettern. Dass er dem Verein das Logo nicht geschenkt hat, ist normal, und wir leben eben im Kapitalismus, hie\u00c3\u0178 es dazu beim BFC Dynamo, und das zeigt, dass man auch dort\u00c2\u00a0l\u00c3\u00a4ngst in der Bundesrepublik Deutschland angekommen ist.<\/p>\n<p>Einige\u00c2\u00a0Witzbolde traten zwar permanent\u00c2\u00a0k\u00c3\u00a4mpferisch\u00c2\u00a0mit einem Transparent auf: &#8222;Wir fordern unser Emblem zur\u00c3\u00bcck&#8220;, aber sie standen so mild l\u00c3\u00a4chelnd dahinter, dass man einen Hauch von frischem Gras sp\u00c3\u00bcrte, ohne ihnen wirklich nah zu sein.<\/p>\n<p>Vor der letzten Mitgliederversammlung im Fr\u00c3\u00bchsommer 2008, als der Verein schon beinahe fast eventuell entschlossen schien, sich ein neues eigenes Logo zu geben, gab es pl\u00c3\u00b6tzlich Verhandlungen zwischen den Eigent\u00c3\u00bcmern des Logos und Peter Meyer.<\/p>\n<p>Peter Meyer ist Wirtschaftsratsvorsitzender des Vereins, sein Mitarbeiter Norbert Uhlig hat inzwischen\u00c2\u00a0den Pr\u00c3\u00a4sidentenposten erhalten\u00c2\u00a0und auch sonst sind die Positionen beim BFC Dynamo so besetzt, dass Meyer keinen Widerspruch f\u00c3\u00bcrchten muss. Letztlich entscheidet er sowieso allein. Eigentlich &#8211; genau betrachtet, ist das auch richtig so\u00c2\u00a0&#8211; denn\u00c2\u00a0ihm geh\u00c3\u00b6rt der Verein,\u00c2\u00a0Meyer kaufte die Schulden auf &#8211; und sich damit die Macht, die man ihm gern \u00c3\u00bcberlie\u00c3\u0178.\u00c2\u00a0 Man\u00c2\u00a0nimmt ihm nichts \u00c3\u00bcbel, nicht die hohen Eintrittspreise und den Misserfolg beim zweimal missgl\u00c3\u00bcckten Aufstieg auch nicht. Niemand fragt \u00c3\u00b6ffentlich danach, wieso der <a title=\"Club 100\" href=\"http:\/\/www.club100.biz\/index.php?c1=imprint\" target=\"_blank\">INFINITY Business-Club 100<\/a>, der von ehemaligen und derzeitigen Sponsoren des BFC Dynamo lebt, eigentlich Eigentum des Wirtschaftsratsvorsitzenden Meyer ist. Im Gegensatz zu anderen Sponsoren-Clubs, hat dieser mit dem Verein nichts zu tun. sondern ist eine Tochterfirma des kommerziellen Unternehmens des\u00c2\u00a0Peter Meyer.\u00c2\u00a0<\/p>\n<p>Die Fans spenden und arbeiten f\u00c3\u00bcr den Verein wie immer. Die Mitglieder auch.\u00c2\u00a0Viele Mitglieder sind allerdings oft s\u00c3\u00a4umig\u00c2\u00a0bei der Beitragszahlung, Au\u00c3\u0178enst\u00c3\u00a4nde in f\u00c3\u00bcnftstelliger H\u00c3\u00b6he beklagt der Verein zu Recht schon seit vielen Jahren.<\/p>\n<p>\u00c3\u0153berzeugt von dem gl\u00c3\u00bccklichen Ausgang der Verhandlungen verk\u00c3\u00bcndete Meyer zur Mitgliederversammlung in der Mitte des vergangenen Jahres, man werde bald zum Abschluss der Verhandlungen um das Logo kommen. Man strich den Tagesordnungspunkt und die Mitglieder tr\u00c3\u00a4umten vom R\u00c3\u00bcckkauf. Als kleines Geschenk an einen der Verhandlungspartner bat\u00c2\u00a0Meyer sie\u00c2\u00a0um Entlastung des ehemaligen Pr\u00c3\u00a4sidenten und seines Stellvertreters. Beide waren den Mitgliedern in den anderhalb Jahren vorher \u00c2\u00a0so madig gemacht worden, dass\u00c2\u00a0den Anwesenden\u00c2\u00a0die Entlastung wirklich schwer fiel. Hielten sie den ehemaligen Pr\u00c3\u00a4sidenten Mario Weinkauf doch f\u00c3\u00bcr\u00c2\u00a0den Verursacher der Au\u00c3\u0178enst\u00c3\u00a4nde, der er nicht war.\u00c2\u00a0\u00c2\u00a0<\/p>\n<p>Mario Weinkauf war inzwischen l\u00c3\u00a4ngst beim Stadt-Konkurrenten Tennis Borussia Berlin weich gelandet, wenngleich die Fans dort ihn ebenso wenig mochten, wie die des BFC. Aber dort spielte das keine Rolle. Tennis Borrusia wird in der n\u00c3\u00a4chsten Saison voraussichtlich in der Regionalliga spielen.<\/p>\n<p>Die Verhandlungen zwischen den Eigent\u00c3\u00bcmern der Rechte an der Vermarktung des Tradiotionslogos und dem\u00c2\u00a0BFC Dynamo scheiterten\u00c2\u00a0 nach beinahe einem Jahr. F\u00c3\u00bcr eine Lizenz in der Regionalliga ist es aber erforderlich, dass der Verein ein Logo hat, \u00c3\u00bcber das er selbst verf\u00c3\u00bcgen kann.<\/p>\n<p>Jedenfalls erfuhren interessierte Fans vor ein paar Wochen, dass man nun doch ein neues eigenes Logo brauche. Dieses solle m\u00c3\u00b6glichst wenigen Leuten bekannt sein, bevor es eingetragen werde, damit sich nicht irgendwer schon vorher die Rechte sichere. Deshalb kam es nicht zu einem von den Fans bevorzugten\u00c2\u00a0und vorgeschlagenen Wettbewerb &#8211; irgendwer br\u00c3\u00bctete im Verborgenen und dann beantragte der Verein beim Deutschen Patent- und Markenamt die folgende Marke:<\/p>\n<div id=\"attachment_1445\" style=\"width: 110px\" class=\"wp-caption aligncenter\"><a href=\"http:\/\/www.dynamoberlin2002.de\/bfcfotos\/wordpress\/wp-content\/uploads\/2009\/06\/neueslogo.jpg\" rel=\"lightbox[1434]\"><img loading=\"lazy\" decoding=\"async\" aria-describedby=\"caption-attachment-1445\" class=\"size-full wp-image-1445\" title=\"Berliner Fussball Club Dynamo\" src=\"http:\/\/www.dynamoberlin2002.de\/bfcfotos\/wordpress\/wp-content\/uploads\/2009\/06\/neueslogo.jpg\" alt=\"Berliner Fussball Club Dynamo\" width=\"100\" height=\"150\" \/><\/a><p id=\"caption-attachment-1445\" class=\"wp-caption-text\">Berliner Fussball Club Dynamo<\/p><\/div>\n<p>Kaum war das neue Logo im BFC Forum gezeigt, sahen andere Leser, was ich auch sah: Zwei orthografische Fehler in einem Logo. Nat\u00c3\u00bcrlich m\u00c3\u00bcsste man richtig schreiben: Berlin Fu\u00c3\u0178ballclub Dynamo&#8230;<\/p>\n<p>Sofort entbrannte im Forum des Fanbeauftragten <a href=\"http:\/\/www.bfcdynamo.de\/forum\">www.bfcdynamo.de\/forum<\/a> eine heftigte Diskssuion dar\u00c3\u00bcber wie Fu\u00c3\u0178ball geschrieben wird, von wem und warum. Die Begr\u00c3\u00bcndungen, warum man Fussball mit zwei s schreiben wolle,\u00c2\u00a0sind teilweise wirklich lustig. Begeifen doch viele treue Fans des BFC Dynamo \u00c3\u00bcberhaupt nicht,\u00c2\u00a0dass es Unterschiede\u00c2\u00a0zwischen einer Schreibweise in ausschlie\u00c3\u0178lich Gro\u00c3\u0178buchstaben und einer Mischung aus Gro\u00c3\u0178- und Kleinbuchstaben gibt. Sie\u00c2\u00a0sind \u00c3\u00bcberzeugt davon, dass FUSSBALL ein Beweis daf\u00c3\u00bcr w\u00c3\u00a4re, dass man auch Fussball schreiben k\u00c3\u00b6nne. Dass jemand\u00c2\u00a0etwas nicht wei\u00c3\u0178, ist nicht schlimm &#8211; wenn er bereit ist, zu lernen. Wenn er aber auf seinem eindeutig falschen Standpunkt beharrt, dann outet er sich als ein Dummkopf.<\/p>\n<p>Bei\u00c2\u00a0vielen BFC-Fans gibt es noch \u00c2\u00a0die Tauer um den halben Abschied vom Traditionslogo. Sie haben sich um und wegen ihrer Schals mit\u00c2\u00a0Fans anderer Vereine gepr\u00c3\u00bcgelt und haben den b\u00c3\u00a4urischen \u00c3\u201ehrenkranz verteidigt und sogar das zeitweise ungeliebte Dynamo D mit seiner bekannten Herkunft aus der Sowjetunion.<\/p>\n<p>Nat\u00c3\u00bcrlich wird man das Traditionslogo auch weiterhin sehen. Auf t\u00c3\u00a4tovierten Schultern, R\u00c3\u00bccken und Waden, T-Shirts, Schals, Jacken und Webseiten.\u00c2\u00a0Die Eigent\u00c3\u00bcmer der Rechte am Logo werden auch weiterhin Artikel\u00c2\u00a0verkaufen und verkaufen lassen, und einige Fans werden das &#8222;alte&#8220; Logo f\u00c3\u00bcr sich selbst gestalten, ausdrucken und verwenden. Es gibt aber auch viele Anh\u00c3\u00a4nger, die schon immer Wert darauf legten, nicht wie geschm\u00c3\u00bcckte Weihnachtsb\u00c3\u00a4ume umherzulaufen und sich f\u00c3\u00bcr dezente Kleidung in den Farben\u00c2\u00a0Vereins (weinrot und wei\u00c3\u0178) entschieden\u00c2\u00a0oder auch als Trendsetter auftraten.<\/p>\n<p>Die Entscheidung f\u00c3\u00bcr ein eigenes Logo war f\u00c3\u00bcr den Verein trotzdem l\u00c3\u00a4ngst \u00c3\u00bcberf\u00c3\u00a4llig. H\u00c3\u00a4tte er sie bereits vor Jahren getroffen, statt Bestrebungen ihm zu helfen, selbst\u00c2\u00a0zu torpedieren, w\u00c3\u00a4re ihm vielleicht manches Leid erspart geblieben. Und der Weg zum Traditionslogo\u00c2\u00a0k\u00c3\u00b6nnte inzwischen k\u00c3\u00bcrzer als\u00c2\u00a0er es jetzt ist. (Mehr zur Geschichte des Logos finden Sie \u00c3\u00bcbrigens hier im Blog, wenn sie auf die Kategorie LOG-KICK dr\u00c3\u00bccken)<\/p>\n<p>Weil viele kl\u00c3\u00bcgere Fans ihr berechtigstes Missfallen an der Schreibweise\u00c2\u00a0 \u00c3\u00a4u\u00c3\u0178erten, hatte ich die Hoffnung, Meyer und\u00c2\u00a0die Seinen w\u00c3\u00bcrden einlenken, man werde sich auf\u00c2\u00a0 Versalien, also ausschlie\u00c3\u0178lich Gro\u00c3\u0178buchstaben, einigen, den Eintragungsantrag entsprechend \u00c3\u00a4ndern und alles w\u00c3\u00a4re beinahe gut. Aber kaum hatte der Streit im Internet um die Schreibung des Vereinsnamens im neuen Logo begonnen, meldete sich der &#8222;Chef&#8220; zu Wort und erkl\u00c3\u00a4rte dem verwunderten Publikum, warum man sich f\u00c3\u00bcr eine falsche Schreibweise entschieden hatte. Hier Ausz\u00c3\u00bcge aus seiner Begr\u00c3\u00bcndung:<\/p>\n<blockquote><p><span style=\"font-size: 12pt; font-family: &quot;Times New Roman&quot;; mso-fareast-font-family: 'Times New Roman'; mso-ansi-language: DE; mso-fareast-language: DE; mso-bidi-language: AR-SA;\">&#8222;Der zweite und deutlich schwierigste Punkt war die Vermarktung und der Bekanntheitsgrad des neuen Logos. Wir wollten erreichen, dass im Internet in allen Foren verschiedener Fu\u00c3\u0178ballvereine \u00c3\u00bcber das neue Logo des BFC gesprochen wird, damit es bekannt wird. Wir bedienten uns eines einfachen Tricks den wir uns bei der FIFA abgeschaut haben. Wir schrieben Fussball mit kleinen Buchstaben und ss und hofften, dass sich alle \u00c3\u00bcber die Schreibweise aufregen werden und unser Logo so durch die ganze Republik wandert. Dieser Plan scheint aufzugehen und unsere Marketingstrategie zu funktionieren, frei nach dem Motto: Ihr k\u00c3\u00b6nnt uns alle Schei\u00c3\u0178e finden, aber WIR sind der BFC und nur WIR schreiben Fussball mit kleinem ss. Sie werden sich aufregen und sagen was bilden die sich ein, ja aber so war der BFC schon immer und so soll er bleiben. Wir werden mit der Anmeldung beim DPMA die Schreibweise Berliner Fussball Club Dynamo zu unserer Schutzmarke machen und jeder soll wissen, wo Berliner Fussball Club Dynamo draufsteht ist auch Berliner Fussball Club Dynamo drin. Abgesehen von der Ausnahme in diesem Schriftzug gilt nat\u00c3\u00bcrlich auch f\u00c3\u00bcr uns die deutsche Rechtschreibung und die Schreibweise Fu\u00c3\u0178ball.<br \/>\nF\u00c3\u00bcr unsere Kritiker sei noch gesagt, wir setzen diese Strategie bereits seit einem Jahr um, siehe unsere Satzung \u00c2\u00a71 Abs. 1 vom 12.10.2008 oder unsere Eintrittskarten der Saison 2008\/2009. Diese Vermarktung wird sich in einer Werbeaktion und ab der neuen Saison auch in der neuen offiziellen Internetseite des Vereins <a href=\"http:\/\/www.berliner-fussball-club.de\/\">www.Berliner-Fussball-Club.de<\/a> wiederspiegeln.&#8220;<\/span><\/p>\n<p><span style=\"font-size: small; font-family: Times New Roman;\">\u00c2\u00a0(Zitat &#8211; Peter Meyer, Wirtschaftsratsvorsitzender des BFC Dynamo e.V.)<\/span><\/p><\/blockquote>\n<p style=\"text-align: left;\">Nun, da spricht Peter Meyer wohl nicht ganz die Wahrheit &#8211; zieht sich doch das Problem der falschen Schreibweise beim BFC Dynamo schon durch die letzten Jahre &#8211; und wurde sogar im Nordostfu\u00c3\u0178ballforum gef\u00c3\u00bchrt. Meine Mails an den jetzigen Jugendleiter,\u00c2\u00a0 an einen seiner Vorg\u00c3\u00a4nger, an den Pressesprecher des Vereins, an die Organisatoren des Dynamo-Cups &#8211; umsonst, man beharrte auf der falschen Rechtschreibung von Fu\u00c3\u0178ball mit dem Doppel-S. Auch meine Hinweise, dass beim BFC Dynamo eben auch viele Kinder und Jugendliche trainieren, um deretwillen man sich um die korrekte\u00c2\u00a0Orthographie bem\u00c3\u00bchen sollte, hatten keinen Erfolg.<\/p>\n<div id=\"attachment_1459\" style=\"width: 310px\" class=\"wp-caption aligncenter\"><a href=\"http:\/\/www.dynamoberlin2002.de\/bfcfotos\/wordpress\/wp-content\/uploads\/2009\/06\/fussballl5.jpg\" rel=\"lightbox[1434]\"><img loading=\"lazy\" decoding=\"async\" aria-describedby=\"caption-attachment-1459\" class=\"size-medium wp-image-1459\" title=\"Dynamo-Cup- &quot;Fussball&quot; \" src=\"http:\/\/www.dynamoberlin2002.de\/bfcfotos\/wordpress\/wp-content\/uploads\/2009\/06\/fussballl5-300x286.jpg\" alt=\"Dynamo-Cup- &quot;Fussball&quot; \" width=\"300\" height=\"286\" srcset=\"http:\/\/www.dynamoberlin2002.de\/bfcfotos\/wordpress\/wp-content\/uploads\/2009\/06\/fussballl5-300x286.jpg 300w, http:\/\/www.dynamoberlin2002.de\/bfcfotos\/wordpress\/wp-content\/uploads\/2009\/06\/fussballl5.jpg 480w\" sizes=\"(max-width: 300px) 100vw, 300px\" \/><\/a><p id=\"caption-attachment-1459\" class=\"wp-caption-text\">Dynamo-Cup- &quot;Fussball&quot; <\/p><\/div>\n<p>F\u00c3\u00bcr diesen Text hatte ich den Verantwortlichen eine \u00c3\u0153berarbeitung geschickt, die\u00c2\u00a0sie dann ins Netz gestellt haben -leider mit einer Ausnahme: Auf der Schreibweise von &#8222;Fussball&#8220; beharrten sie. (2008 und auch 2009)<\/p>\n<div id=\"attachment_1463\" style=\"width: 310px\" class=\"wp-caption aligncenter\"><a href=\"http:\/\/www.dynamoberlin2002.de\/bfcfotos\/wordpress\/wp-content\/uploads\/2009\/06\/fussball2.jpg\" rel=\"lightbox[1434]\"><img loading=\"lazy\" decoding=\"async\" aria-describedby=\"caption-attachment-1463\" class=\"size-medium wp-image-1463\" title=\"Offizielle Jugendseite des BFC Dynamo e.V.\" src=\"http:\/\/www.dynamoberlin2002.de\/bfcfotos\/wordpress\/wp-content\/uploads\/2009\/06\/fussball2-300x85.jpg\" alt=\"Offizielle Jugendseite des BFC Dynamo e.V.\" width=\"300\" height=\"85\" srcset=\"http:\/\/www.dynamoberlin2002.de\/bfcfotos\/wordpress\/wp-content\/uploads\/2009\/06\/fussball2-300x85.jpg 300w, http:\/\/www.dynamoberlin2002.de\/bfcfotos\/wordpress\/wp-content\/uploads\/2009\/06\/fussball2.jpg 678w\" sizes=\"(max-width: 300px) 100vw, 300px\" \/><\/a><p id=\"caption-attachment-1463\" class=\"wp-caption-text\">Offizielle Jugendseite des BFC Dynamo e.V.<\/p><\/div>\n<p>Zeitweise hatte ich den Eindruck, man beharrte auf dem orthografischen Fehler, weil die Hinweise von mir kamen, aber jetzt wei\u00c3\u0178 ich: Es ist Strategie. Die auch schon in der Satzung umgesetzt wurde, wie Meyer sagte.<\/p>\n<p style=\"text-align: left;\"><strong>BFC Dynamo: Wir machen Dummheit zur Strategie!<\/strong><\/p>\n<p style=\"text-align: left;\"><strong>Wer Dummheit zu seiner Strategie erkl\u00c3\u00a4rt, bei dem k\u00c3\u00b6nnte auch Dummheit die Ursache sein.\u00c2\u00a0Kein wirklich\u00c2\u00a0sicheres Erfolgsrezept &#8211; nicht mal im Fu\u00c3\u0178ball&#8230;<\/strong><\/p>\n<p style=\"text-align: left;\">Demn\u00c3\u00a4chst\u00c2\u00a0mehr zum neuen Logo des BFC Dynamo.<\/p>\n","protected":false},"excerpt":{"rendered":"<p>K\u00c3\u00bcrzlich erschien im Berliner Kurier ein kleiner Artikel &#8222;Verzicht aufs Dynamo-D&#8220; in dem es hie\u00c3\u0178: &#8222;Das Dynamo-D ist verschwunden, der Berliner B\u00c3\u00a4r richtet sich vor einem weinrot-wei\u00c3\u0178-gestreiften Hintergrund auf. Dazu ein Ring in den Klubfarben mit dem Vereinsnamen. Kraftvoll, aber &hellip; <a href=\"http:\/\/www.dynamoberlin2002.de\/bfcfotos\/wordpress\/archives\/1434\">Weiterlesen <span class=\"meta-nav\">&rarr;<\/span><\/a><\/p>\n","protected":false},"author":1,"featured_media":0,"comment_status":"open","ping_status":"open","sticky":false,"template":"","format":"standard","meta":{"footnotes":""},"categories":[3,2,9],"tags":[],"aioseo_notices":[],"_links":{"self":[{"href":"http:\/\/www.dynamoberlin2002.de\/bfcfotos\/wordpress\/wp-json\/wp\/v2\/posts\/1434"}],"collection":[{"href":"http:\/\/www.dynamoberlin2002.de\/bfcfotos\/wordpress\/wp-json\/wp\/v2\/posts"}],"about":[{"href":"http:\/\/www.dynamoberlin2002.de\/bfcfotos\/wordpress\/wp-json\/wp\/v2\/types\/post"}],"author":[{"embeddable":true,"href":"http:\/\/www.dynamoberlin2002.de\/bfcfotos\/wordpress\/wp-json\/wp\/v2\/users\/1"}],"replies":[{"embeddable":true,"href":"http:\/\/www.dynamoberlin2002.de\/bfcfotos\/wordpress\/wp-json\/wp\/v2\/comments?post=1434"}],"version-history":[{"count":22,"href":"http:\/\/www.dynamoberlin2002.de\/bfcfotos\/wordpress\/wp-json\/wp\/v2\/posts\/1434\/revisions"}],"predecessor-version":[{"id":1475,"href":"http:\/\/www.dynamoberlin2002.de\/bfcfotos\/wordpress\/wp-json\/wp\/v2\/posts\/1434\/revisions\/1475"}],"wp:attachment":[{"href":"http:\/\/www.dynamoberlin2002.de\/bfcfotos\/wordpress\/wp-json\/wp\/v2\/media?parent=1434"}],"wp:term":[{"taxonomy":"category","embeddable":true,"href":"http:\/\/www.dynamoberlin2002.de\/bfcfotos\/wordpress\/wp-json\/wp\/v2\/categories?post=1434"},{"taxonomy":"post_tag","embeddable":true,"href":"http:\/\/www.dynamoberlin2002.de\/bfcfotos\/wordpress\/wp-json\/wp\/v2\/tags?post=1434"}],"curies":[{"name":"wp","href":"https:\/\/api.w.org\/{rel}","templated":true}]}}