{"id":1145,"date":"2009-02-23T14:57:46","date_gmt":"2009-02-23T13:57:46","guid":{"rendered":"http:\/\/www.dynamoberlin2002.de\/bfcfotos\/wordpress\/?p=1145"},"modified":"2009-02-23T18:25:45","modified_gmt":"2009-02-23T17:25:45","slug":"antwort-auf-eine-frage","status":"publish","type":"post","link":"http:\/\/www.dynamoberlin2002.de\/bfcfotos\/wordpress\/archives\/1145","title":{"rendered":"Antwort auf eine Frage&#8230;"},"content":{"rendered":"<p>&#8222;Maja, ich kenne niemanden, der sich zu einem Verein bekennt und zeitgleich denselben so vehement bek\u00c3\u00a4mpfst wie du.<\/p>\n<p>Ich kannte mal eine Maja, die kritisch, aber immer wohlwollend mit ihrem Verein umgegangen ist.<\/p>\n<p>Wo ist die Maja von damals geblieben?&#8220;<\/p>\n<p>Das fragte mich gestern ein BFCer in einem Forum. Hier meine Antwort:<\/p>\n<p>Ich gehe noch immer sehr wohlwollend mit dem Verein um. Das merkst du vielleicht nicht. Erinnerst du dich, warum ich zum Verein kam? Daran halte ich fest. Wenn ich nicht wohlwollend w\u00c3\u00a4re, w\u00c3\u00bcrde ich anders schreiben. Dann w\u00c3\u00bcrde ich die P\u00c3\u00b6belmails ver\u00c3\u00b6ffentlichen und manch anderes auch.<\/p>\n<p>Jeder, der auch nur einen Hauch von Kritik am BFC \u00c3\u00bcbt, wird beleidigt und diskreditiert. So etwas wie Respekt gibt es nicht. Die Maja von damals erhielt eine Mail vom Verein, in der ihr die Akkreditierung entzogen wurde. Warum?<\/p>\n<p>Ich k\u00c3\u00b6nnte jetzt ein wenig von dem aufz\u00c3\u00a4hlen, was seither geschah &#8211; und ich m\u00c3\u00b6chte denjenigen Menschen sehen, auf den das nicht auch einen pers\u00c3\u00b6nlichen Einfluss genommen h\u00c3\u00a4tte, das hat es auch auf mich. Wie oft w\u00c3\u00bcrdest du deine Frau, deine Kinder, deine Eltern beleidigen lassen? Wann w\u00c3\u00bcrde das deine Meinung beeinflussen?<br \/>\nIch habe nach wenigen Wochen der damaligen Wut und Ent\u00c3\u00a4uschung meine Bilder f\u00c3\u00bcr die Fans wieder ins Netz gestellt. Und ich bem\u00c3\u00bche mich bei jedem Text um Gerechtigkeit. Aber: Fremdbild und Eigenbild beim BFC weichen immer noch stark voneinander ab. Die andere Meinung wird nicht ertragen. Ich bek\u00c3\u00a4mpfe den BFC nicht. Ich will ihn h\u00c3\u00b6herklassig spielen sehen. Und dazu muss er sich ver\u00c3\u00a4ndern.<\/p>\n<p>Frag mal Nicht-BFCer wie sie meine Texte lesen.<br \/>\nIch habe nicht jahrelang beim BFC recherchiert, um nicht \u00c3\u00bcber ihn zu schreiben. Und ich werde immer nur schreiben, was ich denke&#8230;<\/p>\n<p>Man kann Ratschl\u00c3\u00a4ge und Hilfe annehmen oder sie ablehnen.\u00c2\u00a0 Hat sich irgendwer von den sogenannten &#8222;echten&#8220; BFCern wirklich mit der neuen Satzung auseinander gesetzt? Ich bin nicht aus dem Verein ausgetreten, weil ich die Entscheidung von Mehrheiten nicht ertragen kann. Ich habe lange an meiner Mitgliedschaft festgehalten, obwohl euch jeder Autor erkl\u00c3\u00a4ren w\u00c3\u00bcrde, dass man seinem Gegenstand so nah nicht sein darf, weil mir der BFC etwas bedeutet. Aber wo ist das Forum hin, in dem diskutiert wurde &#8211; es ist eben so tot, wie die andere Meinung beim BFC. Man darf sie nicht haben.<\/p>\n<p>Gestern habe ich gesehen, dass Rainer den Text auf seiner Webseite ge\u00c3\u00a4ndert hat, der lautet nun so:<br \/>\n&#8222;Maja Wiens kam zum BFC Dynamo, um in der Fanszene zu recherschieren und sp\u00c3\u00a4ter ein Buch zu schreiben. Schnell wurde sie vom BFC Virus infiziert. Im Laufe der Jahre konnte sie eine gro\u00c3\u0178e Anzahl von Bildern und Videos ansammeln Inzwischen hat sie sich vom BFC entfernt. Zwischen ihr und dem Verein gibt es keinen gemeinsamen Nenner mehr.&#8220; <a>\/@Rainer<\/a> &#8211; &#8222;recherchieren&#8220;.<\/p>\n<p>Falsch: Nicht ich habe mich entfernt! Der Verein hat mich entfernt.<\/p>\n<p>Rainer hat zum Beispiel den Eindruck stehen gelassen, ich h\u00c3\u00a4tte ihn mit irgendwelchen gerichtlichen Unterlassungserkl\u00c3\u00a4rungen &#8222;bedroht&#8220; &#8211; das ist nicht so gewesen, die haben ganz andere geschickt &#8211; aber ich kriege regelm\u00c3\u00a4\u00c3\u0178ig die \u00c3\u00b6ffentliche Schelte und die &#8222;pers\u00c3\u00b6nlichen Mails&#8220; von P\u00c3\u00b6blern.<br \/>\nEs gibt keinen pers\u00c3\u00b6nlichen Angriff und keine unterste Schublade, die ich in den letzten Jahren nicht erlebt habe. Hier im Forum (Nordostfu\u00c3\u0178\u00c3\u0178ballforum)\u00c2\u00a0finden sich noch immer massenhaft Beispiele, Und dass ich das meistens als gewohnheitsm\u00c3\u00a4\u00c3\u0178ige dumme Reflexbei\u00c3\u0178erei werten kann, erfordert manchmal wirklich Anstrengung\u00c2\u00a0<\/p>\n<p>Ich werde Rainer und auch der offiziellen Seite auch weiterhin eine Mail schicken, wenn etwas mit der Orthografie nicht stimmt, aber ich werde auch weiterhin kritisch schreiben &#8211; auch \u00c3\u00bcber den BFC. Das was ich sehe und lese beurteile ich. Die DDR war mein Land &#8211; und ich habe trotzdem kritisch drauf geguckt.<\/p>\n<p>Ausgetreten bin ich, weil der Verein mit der neuen Satzung die Rechte der Mitglieder so weit eingeschr\u00c3\u00a4nkt hat, dass eine Mitgliedschaft im Prinzip bedeutungslos ist. Beim BFC gibt es eine Ein-Mann-Herrschaft von Peter Meyer. Ihm geh\u00c3\u00b6rt der Verein, und er trifft im Wesentlichen die Entscheidungen. Kritische Fans w\u00c3\u00bcrden viele Fragen stellen&#8230; Kritische Fans gab es fr\u00c3\u00bcher beim BFC &#8211; jetzt erlebe ich keine mehr &#8211; ich lese auch nichts von ihnen.<\/p>\n<p>K\u00c3\u00b6nnte ja sein, dass sich alles Kritische au\u00c3\u0178erhalb des Internets abspielt &#8211; aber auch das ist ja nicht so. Es mag sein, dass es viele Vereine gibt, bei denen es Alleineigner gibt und Fans gar nichts zu sagen haben, weder kritische noch unkritische, aber das sind eben andere Vereine. Meine Fotoseite f\u00c3\u00bcr die Fans des BFC hat nicht ohne Grund den Untertitel: &#8222;Auf andere Art so gro\u00c3\u0178e Hoffnung&#8220;&#8230;<\/p>\n<p>Ich denke, ich bin mir sehr treu geblieben &#8211; aber meine Perspektive hat sich nat\u00c3\u00bcrlich ver\u00c3\u00a4ndert. Ich habe jahrelang kein Spiel des BFC vers\u00c3\u00a4umt, nicht einmal ein Testspiel, aber beim BFC im &#8222;Inneren&#8220; ist ein Arbeiten seit mehr als 2 Jahren nicht mehr m\u00c3\u00b6glich &#8211; also betrachte ich die Sache von au\u00c3\u0178en. F\u00c3\u00bcr meine Arbeit ist das kein Problem, denn da geht es ja genau um die Problematik der Wahrnehmung des Vereins und seiner Fans in den Medien, um Eigen- und Fremdbild.<\/p>\n<p>Was verstehst du unter &#8222;wohlwollend&#8220;? Ich finde zum Beispiel &#8222;wohlwollend&#8220;, dass ich manches sehr B\u00c3\u00b6se, was ich wei\u00c3\u0178 nicht schreibe. Und man muss schon sehr wohlwollend sein, um so genau zu recherchieren und auf einen Verein zu gucken wie ich das tue.\u00c2\u00a0\u00c2\u00a0<\/p>\n<p>Neulich habe ich etwas dazu geschrieben, wie man eine offizielle Seite des Vereins auch mit den Mitteln des BFC lebendig und aktuell halten k\u00c3\u00b6nnte. Und habe gesagt, was ich gegenw\u00c3\u00a4rtig dazu beitragen k\u00c3\u00b6nnet &#8211; n\u00c3\u00a4mlich das Korrekturlesen. Guck dir einfach die Reaktion darauf an: Das glaubst du doch wohl selber nicht, du w\u00c3\u00bcrdest ja nicht einen Handschlag f\u00c3\u00bcr den Verein tun. Keiner von denen, die es besser wissen, hat diesem Beitrag widersprochen. Das Bild, das von mir beim BFC absichtsvoll gezeichnet wurde, ist bei vielen angekommen &#8211; das habe ich nicht nur selber gepr\u00c3\u00a4gt. Mit den Folgen muss ich mich tagt\u00c3\u00a4glich auseinander setzen. Oder aber ich m\u00c3\u00bcsste mir untreu werden &#8211; hier den Mund halten und im Blog auch.<\/p>\n<p>Wei\u00c3\u0178t du, ich nehme jetzt mal die &#8222;andere&#8220; Seite &#8211; den Herrn Wusterhausen. Der ist b\u00c3\u00b6se, alt, verlogen, dumm, trinkt nur Kaffee an runden Tischen, betr\u00c3\u00bcgt, ignoriert die Vereine und hat keine Ahnung, er ist seiner Funktion nicht w\u00c3\u00bcrdig &#8211; das ist das, was man von BFCern \u00c3\u00bcber Herrn Wusterhausen liest. Wenn sie das von mir lesen w\u00c3\u00bcrden, f\u00c3\u00a4nden sie es mindestens in Ordnung.<\/p>\n<p>So lange der Kurier &#8222;linientreu&#8220; schreibt, ist alles in Butter. Was aber, wenn er kritisch berichten w\u00c3\u00bcrde? Man kann den Boykott eben auch anders sehen! Aus der Sicht von Bentwisch zum Beispiel: Der Verein fragt sich, was er f\u00c3\u00bcr die Schwierigkeiten der Fans des BFC Dynamo mit der Polizei kann. Schlechter Gastgeber ist er auch bisher nicht gewesen. Inzwischen d\u00c3\u00bcrfte allerdings die Chemie zwischen beiden Vereinen endg\u00c3\u00bcltig gest\u00c3\u00b6rt sein, daran hat nun auch Bentwisch einen Anteil.<\/p>\n<p>Die Fotoseite bleibt stehen &#8211; und wenn zum Beispiel Torsten oder andere BFCer Fotos machen, stelle ich sie hoch.<\/p>\n<p>Wenn ich hier diskutiere oder im Blog etwas schreibe, dann entspricht das meiner gegenw\u00c3\u00a4rtigen Sicht der Dinge und damit m\u00c3\u00bcssen auch diejenigen leben, die es anders sehen.<br \/>\nUnd glaub mir Alter BFCer &#8211; mit mehr Abstand liest sich manches anders. Was glaubst du, wie oft ich gefragt werde, warum ich denn so an diesem Verein festhalte &#8211; die Adjektive vor Verein lasse ich lieber einmal weg. Und beim Vorlesen der Texte \u00c3\u00bcber den BFC hat auch noch niemand vermutet, dass ich ein Feind des Vereins sei. Allerdings waren bisher auch keine BFCer dabei :-).<\/p>\n<p>Die Kommentarfunktion in meinem Blog ist \u00c3\u00bcbrigens aktiviert. Und sachliche Beitr\u00c3\u00a4ge schalte ich auch dann frei, wenn sie meiner Ansicht widersprechen.<br \/>\nGr\u00c3\u00bc\u00c3\u0178e aus Pankow<br \/>\n@Grauer &#8211; ich brauche keinen Deckmantel &#8211; auch keinen der Sympathie. Was meinst du, w\u00c3\u00bcrde sich \u00c3\u00a4ndern, wenn ich wie du keinen Verein unter meinem Namen h\u00c3\u00a4tte?<\/p>\n","protected":false},"excerpt":{"rendered":"<p>&#8222;Maja, ich kenne niemanden, der sich zu einem Verein bekennt und zeitgleich denselben so vehement bek\u00c3\u00a4mpfst wie du. Ich kannte mal eine Maja, die kritisch, aber immer wohlwollend mit ihrem Verein umgegangen ist. Wo ist die Maja von damals geblieben?&#8220; &hellip; <a href=\"http:\/\/www.dynamoberlin2002.de\/bfcfotos\/wordpress\/archives\/1145\">Weiterlesen <span class=\"meta-nav\">&rarr;<\/span><\/a><\/p>\n","protected":false},"author":1,"featured_media":0,"comment_status":"open","ping_status":"open","sticky":false,"template":"","format":"standard","meta":{"footnotes":""},"categories":[3,2],"tags":[],"aioseo_notices":[],"_links":{"self":[{"href":"http:\/\/www.dynamoberlin2002.de\/bfcfotos\/wordpress\/wp-json\/wp\/v2\/posts\/1145"}],"collection":[{"href":"http:\/\/www.dynamoberlin2002.de\/bfcfotos\/wordpress\/wp-json\/wp\/v2\/posts"}],"about":[{"href":"http:\/\/www.dynamoberlin2002.de\/bfcfotos\/wordpress\/wp-json\/wp\/v2\/types\/post"}],"author":[{"embeddable":true,"href":"http:\/\/www.dynamoberlin2002.de\/bfcfotos\/wordpress\/wp-json\/wp\/v2\/users\/1"}],"replies":[{"embeddable":true,"href":"http:\/\/www.dynamoberlin2002.de\/bfcfotos\/wordpress\/wp-json\/wp\/v2\/comments?post=1145"}],"version-history":[{"count":4,"href":"http:\/\/www.dynamoberlin2002.de\/bfcfotos\/wordpress\/wp-json\/wp\/v2\/posts\/1145\/revisions"}],"predecessor-version":[{"id":1150,"href":"http:\/\/www.dynamoberlin2002.de\/bfcfotos\/wordpress\/wp-json\/wp\/v2\/posts\/1145\/revisions\/1150"}],"wp:attachment":[{"href":"http:\/\/www.dynamoberlin2002.de\/bfcfotos\/wordpress\/wp-json\/wp\/v2\/media?parent=1145"}],"wp:term":[{"taxonomy":"category","embeddable":true,"href":"http:\/\/www.dynamoberlin2002.de\/bfcfotos\/wordpress\/wp-json\/wp\/v2\/categories?post=1145"},{"taxonomy":"post_tag","embeddable":true,"href":"http:\/\/www.dynamoberlin2002.de\/bfcfotos\/wordpress\/wp-json\/wp\/v2\/tags?post=1145"}],"curies":[{"name":"wp","href":"https:\/\/api.w.org\/{rel}","templated":true}]}}